{"id":19852,"date":"2023-07-24T23:18:30","date_gmt":"2023-07-24T21:18:30","guid":{"rendered":"https:\/\/www.mbfatimska.pl\/?p=19852"},"modified":"2023-07-24T23:18:30","modified_gmt":"2023-07-24T21:18:30","slug":"xvi-niedziela-zwykla-2","status":"publish","type":"post","link":"https:\/\/mbfatimska.ovh\/index.php\/2023\/07\/24\/xvi-niedziela-zwykla-2\/","title":{"rendered":"XVI niedziela zwyk\u0142a"},"content":{"rendered":"<p>1. W dniu dzisiejszym grupa 47 dzieci i m\u0142odzie\u017cy wyjecha\u0142a na tygodniowy wyjazd wakacyjny na Warmi\u0119 i Mazury. \u017byczymy im szcz\u0119\u015bliwej drogi i pobytu, niezapomnianych wra\u017ce\u0144 oraz opieki \u015bw. Krzysztofa i Matki Bo\u017cej Fatimskiej.<br \/>\n2. W dniu dzisiejszym obchodzimy \u015awiatowy Dzie\u0144 Dziadk\u00f3w i Os\u00f3b Starszych og\u0142oszony przez papie\u017ca Franciszka.<br \/>\n3. W okresie wakacji zapraszamy dzieci do naszej \u015bwietlicy od poniedzia\u0142ku do pi\u0105tku w godz. 09.00-14.00 m.in. na zaj\u0119cia sportowe, plastyczne, edukacyjne oraz wsp\u00f3lne wyjazdy. W tym tygodniu, w \u015brod\u0119 dzieci jad\u0105 do Zamku Kr\u00f3lewskiego w Warszawie oraz odb\u0119d\u0105 spacer po Star\u00f3wce. W przysz\u0142ym tygodniu zaplanowany jest rejs statkiem z Warszawy do Serocka. Zadanie jest dofinansowane przez Gmin\u0119 Miejsk\u0105 Legionowo.<br \/>\n4. W tym tygodniu we wtorek obchodzi\u0107 b\u0119dziemy wspomnienie \u015bw. Jakuba Aposto\u0142a i \u015bw. Krzysztofa. Pami\u0119tajmy tego dnia o ks. Krzysztofie Go\u0142asiu, pierwszym proboszczu, modl\u0105c si\u0119 dla niego o \u0142ask\u0119 zdrowia i si\u0142\u0119 w pokonywaniu codziennych do\u015bwiadcze\u0144. Tego dnia po Mszy \u015bwi\u0119tej o godz. 18.00 i 19.00 b\u0119dzie mo\u017cna po\u015bwi\u0119ci\u0107 pojazdy mechaniczne.<br \/>\n5. W przysz\u0142\u0105 niedziel\u0119 po ka\u017cdej Mszy \u015bwi\u0119tej obrz\u0119d b\u0142ogos\u0142awie\u0144stwa kierowc\u00f3w i po\u015bwi\u0119cenie pojazd\u00f3w w zwi\u0105zku z wtorkowym wspomnieniem \u015bw. Krzysztofa.<br \/>\n6. W \u015brod\u0119 b\u0119dziemy oddawa\u0107 cze\u015b\u0107 \u015bwi\u0119tym Joachimowi i Annie, dziadkom Pana Jezusa. Tego dnia pami\u0119tajmy o osobach starszych, seniorach, zw\u0142aszcza naszych babciach i dziadkach.<br \/>\n7. W pi\u0105tek o godz. 19.00 zostanie odprawiona Msza \u015bwi\u0119ta wypominkowa za naszych bliskich zmar\u0142ych polecanych w tegorocznych wypominkach. Po Mszy b\u0119dziemy si\u0119 modli\u0107 nabo\u017ce\u0144stwem do b\u0142. Kardyna\u0142a Stefana Wyszy\u0144skiego, tak jak czynimy to ka\u017cdego 28 dnia miesi\u0105ca.<br \/>\n8. W sobot\u0119 wieczorem z sanktuarium Mi\u0142osierdzia Bo\u017cego na ul. \u017bytniej w Warszawie wyruszy piesza pielgrzymka do Ostr\u00f3wka. Zainteresowanych odsy\u0142amy do plakatu w gablocie.<br \/>\n9. R\u00f3wnie\u017c w gablocie znajduj\u0105 si\u0119 informacje o sierpniowych pielgrzymkach na Jasn\u0105 G\u00f3r\u0119.<br \/>\n10. Zach\u0119camy r\u00f3wnie\u017c do zapoznania si\u0119 z ofert\u0105 wypo\u017cyczalni sprz\u0119tu rehabilitacyjnego, gabinet\u00f3w rehabilitacji i fizykoterapii oraz punkt\u00f3w konsultacyjnych &#8211; prawnika, psychologa, poradni \u017cycia rodzinnego. Wi\u0119cej informacji w gablocie og\u0142oszeniowej.<br \/>\n11. Jeszcze jedno osobiste og\u0142oszenie ksi\u0119dza Proboszcza. Zgin\u0105\u0142 kot dachowiec \u2013 burasek, kt\u00f3ry na naszym terenie przy ko\u015bciele by\u0142o od 16 lat. Nieraz mo\u017cna go by\u0142o zobaczy\u0107 przy plebanii i przy ko\u015bciele, bardzo przyjazny, mieszka\u0142 na plebanii i przy ko\u015bciele. Je\u015bli kto\u015b wie co\u015b na ten temat to prosimy o wiadomo\u015b\u0107. Mo\u017ce kto\u015b go zabra\u0142 do siebie my\u015bl\u0105c, \u017ce to bezdomny kot, to prosimy o zwr\u00f3cenie go.<br \/>\n12. Dzi\u0119kujemy za pi\u0105tkowe i sobotnie prace porz\u0105dkowe. Ch\u0119tnych zapraszamy w pi\u0105tek i w sobot\u0119. Zaczynamy o godz. 7.00.<\/p>\n","protected":false},"excerpt":{"rendered":"<p>1. W dniu dzisiejszym grupa 47 dzieci i m\u0142odzie\u017cy wyjecha\u0142a na tygodniowy wyjazd wakacyjny na Warmi\u0119 i Mazury. \u017byczymy im szcz\u0119\u015bliwej drogi i pobytu, niezapomnianych wra\u017ce\u0144 oraz opieki \u015bw. Krzysztofa i Matki Bo\u017cej Fatimskiej. 2. W dniu dzisiejszym obchodzimy \u015awiatowy Dzie\u0144 Dziadk\u00f3w i Os\u00f3b Starszych og\u0142oszony przez papie\u017ca Franciszka. 3. W okresie wakacji zapraszamy dzieci [&hellip;]<\/p>\n","protected":false},"author":1,"featured_media":30657,"comment_status":"closed","ping_status":"closed","sticky":false,"template":"","format":"standard","meta":{"footnotes":""},"categories":[2,14],"tags":[],"class_list":["post-19852","post","type-post","status-publish","format-standard","has-post-thumbnail","hentry","category-aktualnosci","category-ogloszenia-parafialne"],"_links":{"self":[{"href":"https:\/\/mbfatimska.ovh\/index.php\/wp-json\/wp\/v2\/posts\/19852","targetHints":{"allow":["GET"]}}],"collection":[{"href":"https:\/\/mbfatimska.ovh\/index.php\/wp-json\/wp\/v2\/posts"}],"about":[{"href":"https:\/\/mbfatimska.ovh\/index.php\/wp-json\/wp\/v2\/types\/post"}],"author":[{"embeddable":true,"href":"https:\/\/mbfatimska.ovh\/index.php\/wp-json\/wp\/v2\/users\/1"}],"replies":[{"embeddable":true,"href":"https:\/\/mbfatimska.ovh\/index.php\/wp-json\/wp\/v2\/comments?post=19852"}],"version-history":[{"count":0,"href":"https:\/\/mbfatimska.ovh\/index.php\/wp-json\/wp\/v2\/posts\/19852\/revisions"}],"wp:featuredmedia":[{"embeddable":true,"href":"https:\/\/mbfatimska.ovh\/index.php\/wp-json\/wp\/v2\/media\/30657"}],"wp:attachment":[{"href":"https:\/\/mbfatimska.ovh\/index.php\/wp-json\/wp\/v2\/media?parent=19852"}],"wp:term":[{"taxonomy":"category","embeddable":true,"href":"https:\/\/mbfatimska.ovh\/index.php\/wp-json\/wp\/v2\/categories?post=19852"},{"taxonomy":"post_tag","embeddable":true,"href":"https:\/\/mbfatimska.ovh\/index.php\/wp-json\/wp\/v2\/tags?post=19852"}],"curies":[{"name":"wp","href":"https:\/\/api.w.org\/{rel}","templated":true}]}}