{"id":19854,"date":"2023-07-30T07:21:08","date_gmt":"2023-07-30T05:21:08","guid":{"rendered":"https:\/\/www.mbfatimska.pl\/?p=19854"},"modified":"2023-07-30T07:21:08","modified_gmt":"2023-07-30T05:21:08","slug":"xvii-niedziela-zwykla-2","status":"publish","type":"post","link":"https:\/\/mbfatimska.ovh\/index.php\/2023\/07\/30\/xvii-niedziela-zwykla-2\/","title":{"rendered":"XVII niedziela zwyk\u0142a"},"content":{"rendered":"<p>1.\tW dniu wczorajszym grupa 47 dzieci i m\u0142odzie\u017cy wr\u00f3ci\u0142a z tygodniowego wypoczynku na  Warmii I Mazurach. Dzi\u0119kujemy opiekunom  za pe\u0142n\u0105 oddania trosk\u0119 i opiek\u0119 nad grup\u0105. Dzi\u0119kujemy Opatrzno\u015bci Bo\u017cej za kierowanie drogami ca\u0142ej grupy.<br \/>\n2.\tW dniu dzisiejszym, po ka\u017cdej Mszy \u015bwi\u0119tej, obrz\u0119d po\u015bwi\u0119cenia pojazd\u00f3w i b\u0142ogos\u0142awie\u0144stwo kierowc\u00f3w z racji przypadaj\u0105cego w miniony wtorek wspomnienia \u015bw. Krzysztofa.<br \/>\n3.\tWe wtorek, 1 sierpnia, obchodzi\u0107 b\u0119dziemy 79 rocznic\u0119 wybuchu Powstania Warszawskiego. Pami\u0119tajmy o naszych bohaterach. Zapraszamy na Msze \u015bwi\u0119te o godz. 18.00 i 19.00 gdzie b\u0119dziemy modli\u0107 si\u0119 w intencji powsta\u0144c\u00f3w i w intencji pokoju w Ojczy\u017anie i na \u015bwiecie.<br \/>\nPrezydent i Rada Miasta Legionowo oraz Ko\u0142o \u015awiatowego Zwi\u0105zku \u017bo\u0142nierzy AK i Oddzia\u0142 Stowarzyszenia Szarych Szereg\u00f3w w Legionowie zapraszaj\u0105 na obchody 79 rocznicy wybuchu Powstania Warszawskiego:<br \/>\n\u2022\t08:45 \u2013 uroczysto\u015bci w kwaterze wojennej na cmentarzu w Legionowie<br \/>\n\u2022\t10:00 \u2013 uroczysto\u015bci przy obelisku upami\u0119tniaj\u0105cym \u017co\u0142nierzy 3. Kompanii 1. Batalionu I Rejonu \u201eMarianowo &#8211; Brzoz\u00f3w&#8221; przy ul. Ko\u015bciuszki (r\u00f3g ul. Wrzesi\u0144skiej &#8211; na granicy Legionowa z Chotomowem)<br \/>\n\u2022\t12:00 \u2013 uroczysto\u015bci przy pomniku poleg\u0142ych harcerzy Szarych Szereg\u00f3w na os. Batorego<br \/>\n\u2022\t17:00 \u2013 uroczysto\u015bci przy pomniku Polski Walcz\u0105cej na rondzie AK<br \/>\n\u2022\t18:00 \u2013 w ko\u015bciele \u015bw. J\u00f3zefa Oblubie\u0144ca Naj\u015bwi\u0119tszej Maryi Panny \u2013 dawny ko\u015bci\u00f3\u0142 garnizonowy \u2013 zostanie odprawiona uroczysta Msza \u015bwi\u0119ta z udzia\u0142em w\u0142adz miasta i poczt\u00f3w sztandarowych r\u00f3\u017cnych instytucji i organizacji.<br \/>\n4.\tW tym tygodniu przypada:<br \/>\n&#8211; I czwartek miesi\u0105ca \u2013 po Mszy \u015bwi\u0119tej o godz. 19.00 wystawienie Naj\u015bwi\u0119tszego Sakramentu, Koronka do Mi\u0142osierdzia Bo\u017cego i mo\u017cliwo\u015b\u0107 adoracji do godz. 22.00;<br \/>\n&#8211; I pi\u0105tek miesi\u0105ca \u2013 spowied\u017a od godz. 17.30 do 19.30;<br \/>\n&#8211; I sobota miesi\u0105ca \u2013 po Mszy \u015bwi\u0119tej o godz. 19.00 litania Loreta\u0144ska do Naj\u015bwi\u0119tszej Maryi Panny i nabo\u017ce\u0144stwo wynagradzaj\u0105ce Niepokalanemu Sercu Naj\u015bwi\u0119tszej Maryi Panny. Zako\u0144czenie adoracji o godz. 21.00;<br \/>\n&#8211; I niedziela miesi\u0105ca \u2013 po Mszy \u015bwi\u0119tej o godz. 12.30 procesja eucharystyczna i mo\u017cliwo\u015b\u0107 adoracji do godz. 18.45.<br \/>\n5.\tW pi\u0105tek o godz. 20.00 w salce pod zakrysti\u0105 konferencja przed chrzcielna dla rodzic\u00f3w dzieci przed chrztem, rodzic\u00f3w chrzestnych i kandydat\u00f3w na chrzestnych pochodz\u0105cych z naszej parafii. W konferencji bior\u0105 udzia\u0142 r\u00f3wnie\u017c ci, kt\u00f3rzy b\u0119d\u0105 prosi\u0107 o za\u015bwiadczenie dla chrzestnych do innej parafii.<br \/>\n6.\tW przysz\u0142\u0105 niedziel\u0119 obchodzimy \u015bwi\u0119to Przemienienia Pa\u0144skiego. W tym dniu rozpoczynamy kolejn\u0105 edycj\u0119 akcji  \u201eWe\u017a plecak \u2013 daj wyprawk\u0119\u201d z my\u015bl\u0105 o biedniejszych polskich dzieciach z Wile\u0144szczyzny i naszego miasta. Przy o\u0142tarzu b\u0119d\u0105 wy\u0142o\u017cone plecaki, kt\u00f3re trzeba  b\u0119dzie wype\u0142ni\u0107 przyborami szkolnymi i plecak z zawarto\u015bci\u0105 przynie\u015b\u0107 do ko\u015bcio\u0142a do 15 sierpnia, tak by wyprawki przed rozpocz\u0119ciem roku szkolnego zawie\u017a\u0107 na Litw\u0119 i przekaza\u0107 dzieciom.<\/p>\n","protected":false},"excerpt":{"rendered":"<p>1. W dniu wczorajszym grupa 47 dzieci i m\u0142odzie\u017cy wr\u00f3ci\u0142a z tygodniowego wypoczynku na Warmii I Mazurach. Dzi\u0119kujemy opiekunom za pe\u0142n\u0105 oddania trosk\u0119 i opiek\u0119 nad grup\u0105. Dzi\u0119kujemy Opatrzno\u015bci Bo\u017cej za kierowanie drogami ca\u0142ej grupy. 2. W dniu dzisiejszym, po ka\u017cdej Mszy \u015bwi\u0119tej, obrz\u0119d po\u015bwi\u0119cenia pojazd\u00f3w i b\u0142ogos\u0142awie\u0144stwo kierowc\u00f3w z racji przypadaj\u0105cego w miniony wtorek [&hellip;]<\/p>\n","protected":false},"author":1,"featured_media":30657,"comment_status":"closed","ping_status":"closed","sticky":false,"template":"","format":"standard","meta":{"footnotes":""},"categories":[2,14],"tags":[],"class_list":["post-19854","post","type-post","status-publish","format-standard","has-post-thumbnail","hentry","category-aktualnosci","category-ogloszenia-parafialne"],"_links":{"self":[{"href":"https:\/\/mbfatimska.ovh\/index.php\/wp-json\/wp\/v2\/posts\/19854","targetHints":{"allow":["GET"]}}],"collection":[{"href":"https:\/\/mbfatimska.ovh\/index.php\/wp-json\/wp\/v2\/posts"}],"about":[{"href":"https:\/\/mbfatimska.ovh\/index.php\/wp-json\/wp\/v2\/types\/post"}],"author":[{"embeddable":true,"href":"https:\/\/mbfatimska.ovh\/index.php\/wp-json\/wp\/v2\/users\/1"}],"replies":[{"embeddable":true,"href":"https:\/\/mbfatimska.ovh\/index.php\/wp-json\/wp\/v2\/comments?post=19854"}],"version-history":[{"count":0,"href":"https:\/\/mbfatimska.ovh\/index.php\/wp-json\/wp\/v2\/posts\/19854\/revisions"}],"wp:featuredmedia":[{"embeddable":true,"href":"https:\/\/mbfatimska.ovh\/index.php\/wp-json\/wp\/v2\/media\/30657"}],"wp:attachment":[{"href":"https:\/\/mbfatimska.ovh\/index.php\/wp-json\/wp\/v2\/media?parent=19854"}],"wp:term":[{"taxonomy":"category","embeddable":true,"href":"https:\/\/mbfatimska.ovh\/index.php\/wp-json\/wp\/v2\/categories?post=19854"},{"taxonomy":"post_tag","embeddable":true,"href":"https:\/\/mbfatimska.ovh\/index.php\/wp-json\/wp\/v2\/tags?post=19854"}],"curies":[{"name":"wp","href":"https:\/\/api.w.org\/{rel}","templated":true}]}}