{"id":19857,"date":"2023-08-06T07:53:06","date_gmt":"2023-08-06T05:53:06","guid":{"rendered":"https:\/\/www.mbfatimska.pl\/?p=19857"},"modified":"2023-08-06T07:53:06","modified_gmt":"2023-08-06T05:53:06","slug":"xviii-niedziela-zwykla-swieto-przemienienia-panskiego","status":"publish","type":"post","link":"https:\/\/mbfatimska.ovh\/index.php\/2023\/08\/06\/xviii-niedziela-zwykla-swieto-przemienienia-panskiego\/","title":{"rendered":"XVIII  niedziela zwyk\u0142a &#8211; \u015bwi\u0119to Przemienienia Pa\u0144skiego"},"content":{"rendered":"<p>1.\tW tym tygodniu zostan\u0105 odprawione Msze \u015bwi\u0119te w intencji rodzin i os\u00f3b, kt\u00f3re budowa\u0142y o\u0142tarze na uroczysto\u015b\u0107 Bo\u017cego Cia\u0142a:<br \/>\n&#8211; w poniedzia\u0142ek o godz. 19.00 w intencji budowniczych I o\u0142tarza<br \/>\n&#8211; we wtorek o godz. 18.00 w intencji budowniczych II o\u0142tarza<br \/>\n&#8211; w czwartek o godz. 19.00 w intencji budowniczych III o\u0142tarza<br \/>\n&#8211; w pi\u0105tek o godz. 19.00 w intencji budowniczych IV o\u0142tarza.<\/p>\n<p>2.\tW przysz\u0142\u0105 niedziel\u0119, 13 sierpnia, zapraszamy na kolejne nabo\u017ce\u0144stwo fatimskie. O godz. 19.00 zostanie odprawiona Msza \u015bwi\u0119ta a po niej odb\u0119dzie si\u0119 procesja fatimska w czasie kt\u00f3rej modli\u0107 si\u0119 b\u0119dziemy na r\u00f3\u017ca\u0144cu. Intencje do r\u00f3\u017ca\u0144ca nale\u017cy z\u0142o\u017cy\u0107 pod o\u0142tarzem przed Msz\u0105 \u015bwi\u0119t\u0105.<\/p>\n<p>3.\tW poniedzia\u0142ek w godz. 18.00 \u2013 20.00 mo\u017cna skorzysta\u0107 z darmowych porad psychologa, a we wtorek w godz. 17.00 \u2013 19.00 z porad prawnika. Porady odbywaj\u0105 si\u0119 w budynku Centrum Wsparcia Fizycznego.<\/p>\n<p>4.\tOd \u015brody w ramach zabieg\u00f3w rehabilitacyjnych w budynku Centrum Wsparcia Fizycznego b\u0119dzie mo\u017cna skorzysta\u0107 z zabieg\u00f3w fali uderzeniowej, kt\u00f3re m. in. lecz\u0105 ostrogi w pi\u0119tach, tzw. \u0142okie\u0107 tenisisty czyli b\u00f3l \u015bci\u0119gien, b\u00f3l barku, b\u00f3l w nadgarstku, uszkodzenia wi\u0105zad\u0142a rzepki, b\u00f3l po urazach ko\u0144czyn i okolice stawu biodrowego i pachwin.<\/p>\n<p>5.\tW dzisiejsz\u0105 niedziel\u0119 rozpoczynamy coroczn\u0105 akcj\u0119 \u201eWe\u017a plecak \u2013 daj wyprawk\u0119\u201d. Na pode\u015bcie dla scholi przy o\u0142tarzu wy\u0142o\u017cone s\u0105 plecaki szkolne dla ch\u0142opc\u00f3w i dziewczynek, starszych i m\u0142odszych. Ka\u017cdy kto pragnie w\u0142\u0105czy\u0107 si\u0119 w akcj\u0119, zabiera plecak do domu i wype\u0142nia go przyborami szkolnymi (kredki, d\u0142ugopisy, mazaki, pi\u00f3rniki, zeszyty) i przynosi plecak z zawarto\u015bci\u0105 do ko\u015bcio\u0142a do 15 sierpnia. Wyprawki szkolne jeszcze przed rozpocz\u0119ciem roku szkolnego trafi\u0105 do biedniejszych polskich dzieci z Wile\u0144szczyzny oraz B\u0142\u0119dostowa  i naszego miasta. Na pode\u015bcie wy\u0142o\u017cyli\u015bmy 120 plecak\u00f3w, gdy b\u0119dzie potrzeba to jeszcze do\u0142o\u017cymy. Inicjatorem przedsi\u0119wzi\u0119cia jest Legionowskie Stowarzyszenie AMICUS. <\/p>\n<p>6.\tWe wtorek 15 sierpnia organizowany jest VII Rajd rowerowy z Legionowa do Ossowa szlakiem Bitwy Warszawskiej 1920. Wyjazd o godz. 6.45 spod legionowskiego ratusza do Ossowa. Wszyscy uczestnicy Rajdu otrzymaj\u0105 okoliczno\u015bciowe koszulki. W Ossowie o godz. 9.30 zostanie odprawiona uroczysta Msza \u015bwi\u0119ta z udzia\u0142em Ks. Biskupa Romualda Kami\u0144skiego w kolejn\u0105 rocznic\u0119 Bitwy Warszawskiej. Wi\u0119cej informacji na plakacie w gablocie.<\/p>\n","protected":false},"excerpt":{"rendered":"<p>1. W tym tygodniu zostan\u0105 odprawione Msze \u015bwi\u0119te w intencji rodzin i os\u00f3b, kt\u00f3re budowa\u0142y o\u0142tarze na uroczysto\u015b\u0107 Bo\u017cego Cia\u0142a: &#8211; w poniedzia\u0142ek o godz. 19.00 w intencji budowniczych I o\u0142tarza &#8211; we wtorek o godz. 18.00 w intencji budowniczych II o\u0142tarza &#8211; w czwartek o godz. 19.00 w intencji budowniczych III o\u0142tarza &#8211; w [&hellip;]<\/p>\n","protected":false},"author":1,"featured_media":30657,"comment_status":"closed","ping_status":"closed","sticky":false,"template":"","format":"standard","meta":{"footnotes":""},"categories":[2,14],"tags":[],"class_list":["post-19857","post","type-post","status-publish","format-standard","has-post-thumbnail","hentry","category-aktualnosci","category-ogloszenia-parafialne"],"_links":{"self":[{"href":"https:\/\/mbfatimska.ovh\/index.php\/wp-json\/wp\/v2\/posts\/19857","targetHints":{"allow":["GET"]}}],"collection":[{"href":"https:\/\/mbfatimska.ovh\/index.php\/wp-json\/wp\/v2\/posts"}],"about":[{"href":"https:\/\/mbfatimska.ovh\/index.php\/wp-json\/wp\/v2\/types\/post"}],"author":[{"embeddable":true,"href":"https:\/\/mbfatimska.ovh\/index.php\/wp-json\/wp\/v2\/users\/1"}],"replies":[{"embeddable":true,"href":"https:\/\/mbfatimska.ovh\/index.php\/wp-json\/wp\/v2\/comments?post=19857"}],"version-history":[{"count":0,"href":"https:\/\/mbfatimska.ovh\/index.php\/wp-json\/wp\/v2\/posts\/19857\/revisions"}],"wp:featuredmedia":[{"embeddable":true,"href":"https:\/\/mbfatimska.ovh\/index.php\/wp-json\/wp\/v2\/media\/30657"}],"wp:attachment":[{"href":"https:\/\/mbfatimska.ovh\/index.php\/wp-json\/wp\/v2\/media?parent=19857"}],"wp:term":[{"taxonomy":"category","embeddable":true,"href":"https:\/\/mbfatimska.ovh\/index.php\/wp-json\/wp\/v2\/categories?post=19857"},{"taxonomy":"post_tag","embeddable":true,"href":"https:\/\/mbfatimska.ovh\/index.php\/wp-json\/wp\/v2\/tags?post=19857"}],"curies":[{"name":"wp","href":"https:\/\/api.w.org\/{rel}","templated":true}]}}