{"id":19865,"date":"2023-08-12T19:21:46","date_gmt":"2023-08-12T17:21:46","guid":{"rendered":"https:\/\/www.mbfatimska.pl\/?p=19865"},"modified":"2023-08-12T19:21:46","modified_gmt":"2023-08-12T17:21:46","slug":"xix-niedziela-zwykla-2","status":"publish","type":"post","link":"https:\/\/mbfatimska.ovh\/index.php\/2023\/08\/12\/xix-niedziela-zwykla-2\/","title":{"rendered":"XIX niedziela zwyk\u0142a"},"content":{"rendered":"<p>1.\tW dniu dzisiejszym zapraszamy na kolejne nabo\u017ce\u0144stwo fatimskie. O godz. 19.00 zostanie odprawiona Msza \u015bwi\u0119ta i bezpo\u015brednio po niej wyruszy procesja fatimska. Intencje mo\u017cna z\u0142o\u017cy\u0107 przed Msz\u0105 \u015bwi\u0119t\u0105.<br \/>\n2.\tWe wtorek, 15 sierpnia, obchodzimy w ko\u015bciele uroczysto\u015b\u0107 Wniebowzi\u0119cia Naj\u015bwi\u0119tszej Maryi Panny, kt\u00f3ra jest uroczysto\u015bci\u0105 Patronki naszej diecezji \u2013 Matki Bo\u017cej Zwyci\u0119skiej. Jest to zarazem \u015bwi\u0119to Wojska Polskiego i 103 rocznica Cudu nad Wis\u0142\u0105. Msze tego dnia s\u0105 odprawiane jak w ka\u017cd\u0105 niedziel\u0119 czyli o godz. 7.30, 9.00, 11.00, 12.30 i 19.00. Na ka\u017cdej Mszy \u015bwi\u0119tej obrz\u0119d po\u015bwi\u0119cenia wiank\u00f3w z tegorocznych kwiat\u00f3w i zb\u00f3\u017c.<br \/>\n3.\tWe wtorek 15 sierpnia, w uroczysto\u015b\u0107 Wniebowzi\u0119cia Naj\u015bwi\u0119tszej Maryi Panny i w rocznic\u0119 Bitwy Warszawskiej, organizowany jest VII Rajd rowerowy z Legionowa do Ossowa szlakiem Bitwy Warszawskiej 1920. Wyjazd o godz. 6.45 spod legionowskiego ratusza do Ossowa. Wszyscy uczestnicy Rajdu otrzymaj\u0105 okoliczno\u015bciowe koszulki. W Ossowie o godz. 9.30 zostanie odprawiona uroczysta Msza \u015bwi\u0119ta z udzia\u0142em Ks. Biskupa Romualda Kami\u0144skiego w kolejn\u0105 rocznic\u0119 Bitwy Warszawskiej. Wi\u0119cej informacji na plakacie w gablocie.<br \/>\n4.\tW \u015brod\u0119, 16 sierpnia, o godz. 7.30 zostanie odprawiona Msza \u015bwi\u0119ta w intencji firm dzia\u0142aj\u0105cych na naszym legionowskim rynku, w intencji w\u0142a\u015bcicieli, pracownik\u00f3w i ich rodzin, oddaj\u0105c ich w opiek\u0119 Matki Bo\u017cej Fatimskiej.<br \/>\n5. \tW czwartek, 17 sierpnia, przypada dzie\u0144 imienin Ksi\u0119dza Biskupa Jacka Grzybowskiego, biskupa pomocniczego naszej diecezji. Pami\u0119tajmy w modlitwie o solenizancie i polecajmy opiece Matki Bo\u017cej Zwyci\u0119skiej oraz patrona, \u015bw. Jacka.<br \/>\n6.\t19 sierpnia, w sobot\u0119, po Mszy \u015bwi\u0119tej o godz. 19.00 nabo\u017ce\u0144stwo  do \u015bw. J\u00f3zefa, patrona ma\u0142\u017ce\u0144stw i rodzin. Intencje b\u0119dzie mo\u017cna z\u0142o\u017cy\u0107 pod o\u0142tarzem, przed Msz\u0105 \u015bwi\u0119t\u0105.<br \/>\n7.\tW przysz\u0142\u0105 niedziel\u0119, 20 sierpnia i za dwa tygodnie, 27 sierpnia, zapraszamy na koncert muzyki organowej w wykonaniu naszej Pani Organistki Doroty Bonis\u0142awskiej. B\u0119dziemy mogli us\u0142ysze\u0107 utwory dawnych mistrz\u00f3w muzyki organowej oraz kompozytor\u00f3w wsp\u00f3\u0142czesnych. Koncerty odb\u0119d\u0105 si\u0119 po wieczornej Mszy \u015bwi\u0119tej, oko\u0142o godz. 20.00.<br \/>\n8.\tUczestniczymy w akcji: \u201eWe\u017a plecak \u2013 daj wyprawk\u0119\u201d z my\u015bl\u0105 o biedniejszych dzieciach z polskich rodzin z teren\u00f3w Wile\u0144szczyzny. Osoby, kt\u00f3re pobra\u0142y plecaki, proszone s\u0105 o zwrot plecak\u00f3w wype\u0142nionych przyborami szkolnymi, najp\u00f3\u017aniej do 16 sierpnia, tj. do \u015brody w\u0142\u0105cznie. Kto by chcia\u0142 si\u0119 w\u0142\u0105czy\u0107 w to szlachetne dzie\u0142o to jeszcze dzisiaj mo\u017cna pobra\u0107 plecaki, kt\u00f3re znajduj\u0105 si\u0119 na pode\u015bcie scholi.<\/p>\n","protected":false},"excerpt":{"rendered":"<p>1. W dniu dzisiejszym zapraszamy na kolejne nabo\u017ce\u0144stwo fatimskie. O godz. 19.00 zostanie odprawiona Msza \u015bwi\u0119ta i bezpo\u015brednio po niej wyruszy procesja fatimska. Intencje mo\u017cna z\u0142o\u017cy\u0107 przed Msz\u0105 \u015bwi\u0119t\u0105. 2. We wtorek, 15 sierpnia, obchodzimy w ko\u015bciele uroczysto\u015b\u0107 Wniebowzi\u0119cia Naj\u015bwi\u0119tszej Maryi Panny, kt\u00f3ra jest uroczysto\u015bci\u0105 Patronki naszej diecezji \u2013 Matki Bo\u017cej Zwyci\u0119skiej. Jest to zarazem [&hellip;]<\/p>\n","protected":false},"author":1,"featured_media":30657,"comment_status":"closed","ping_status":"closed","sticky":false,"template":"","format":"standard","meta":{"footnotes":""},"categories":[2,14],"tags":[],"class_list":["post-19865","post","type-post","status-publish","format-standard","has-post-thumbnail","hentry","category-aktualnosci","category-ogloszenia-parafialne"],"_links":{"self":[{"href":"https:\/\/mbfatimska.ovh\/index.php\/wp-json\/wp\/v2\/posts\/19865","targetHints":{"allow":["GET"]}}],"collection":[{"href":"https:\/\/mbfatimska.ovh\/index.php\/wp-json\/wp\/v2\/posts"}],"about":[{"href":"https:\/\/mbfatimska.ovh\/index.php\/wp-json\/wp\/v2\/types\/post"}],"author":[{"embeddable":true,"href":"https:\/\/mbfatimska.ovh\/index.php\/wp-json\/wp\/v2\/users\/1"}],"replies":[{"embeddable":true,"href":"https:\/\/mbfatimska.ovh\/index.php\/wp-json\/wp\/v2\/comments?post=19865"}],"version-history":[{"count":0,"href":"https:\/\/mbfatimska.ovh\/index.php\/wp-json\/wp\/v2\/posts\/19865\/revisions"}],"wp:featuredmedia":[{"embeddable":true,"href":"https:\/\/mbfatimska.ovh\/index.php\/wp-json\/wp\/v2\/media\/30657"}],"wp:attachment":[{"href":"https:\/\/mbfatimska.ovh\/index.php\/wp-json\/wp\/v2\/media?parent=19865"}],"wp:term":[{"taxonomy":"category","embeddable":true,"href":"https:\/\/mbfatimska.ovh\/index.php\/wp-json\/wp\/v2\/categories?post=19865"},{"taxonomy":"post_tag","embeddable":true,"href":"https:\/\/mbfatimska.ovh\/index.php\/wp-json\/wp\/v2\/tags?post=19865"}],"curies":[{"name":"wp","href":"https:\/\/api.w.org\/{rel}","templated":true}]}}