{"id":19870,"date":"2023-08-20T07:36:27","date_gmt":"2023-08-20T05:36:27","guid":{"rendered":"https:\/\/www.mbfatimska.pl\/?p=19870"},"modified":"2023-08-20T07:36:27","modified_gmt":"2023-08-20T05:36:27","slug":"xx-niedziela-zwykla-2","status":"publish","type":"post","link":"https:\/\/mbfatimska.ovh\/index.php\/2023\/08\/20\/xx-niedziela-zwykla-2\/","title":{"rendered":"XX niedziela zwyk\u0142a"},"content":{"rendered":"<p>1.\tWe wtorek wyruszy transport kompletnych wyprawek szkolnych dla polskich dzieci zamieszka\u0142ych na Wile\u0144szczy\u017anie. W sumie zostanie zawiezionych 120 plecak\u00f3w wype\u0142nionych przyborami szkolnymi. Dzi\u0119kujemy tym wszystkim, kt\u00f3rzy aktywnie zaanga\u017cowali si\u0119 w trud wype\u0142nienia tornistr\u00f3w przyborami szkolnymi i tym, kt\u00f3rzy przygotowywali transport na Litw\u0119.<br \/>\n2.\tWe wtorek, 22 sierpnia, zapraszamy na kolejne nabo\u017ce\u0144stwo do \u015bw. Rity \u2013 patronki spraw trudnych i beznadziejnych. O godz. 19.00 b\u0119dzie odprawiona Msza \u015bwi\u0119ta z okoliczno\u015bciowym kazaniem, w czasie kt\u00f3rej zostan\u0105 po\u015bwi\u0119cone r\u00f3\u017ce, a po Eucharystii modlitwy skierowane do \u015bw. Rity. R\u00f3\u017ce b\u0119dzie mo\u017cna naby\u0107 przed Msz\u0105 \u015bwi\u0119t\u0105 o godz. 19.00. Kancelaria tego dnia b\u0119dzie czynna od 20.00 do 20.30.<br \/>\n3.\tW pi\u0105tek o godz. 19.00 zostanie odprawiona Msza \u015bwi\u0119ta wypominkowa za naszych bliskich zmar\u0142ych. Msza \u015bwi\u0119ta o godz. 18.00 tego dnia b\u0119dzie Msz\u0105 \u015bwi\u0119t\u0105 \u015blubn\u0105.<br \/>\n4.\tW sobot\u0119, 26 sierpnia obchodzi\u0107 b\u0119dziemy uroczysto\u015b\u0107 Matki Bo\u017cej Cz\u0119stochowskiej. Zapraszamy na Msze \u015bwi\u0119te o godz. 18.00 i 19.00.<br \/>\n5.\t30 sierpnia organizujemy autokarow\u0105 pielgrzymk\u0119 do sanktuarium Krzy\u017ca \u015bwi\u0119tego na \u015awi\u0119tym Krzy\u017cu, do opactwa cysters\u00f3w w W\u0105chocku oraz sanktuarium Matki Bo\u017cej Bolesnej w Ka\u0142kowie. Koszt wyjazdu wraz z obiadem ok 100 z\u0142. Wyjazd o godz. 6.30. Powr\u00f3t oko\u0142o godz. 20.00. Zapisy do przysz\u0142ej niedzieli.<br \/>\n6.\tW pi\u0105tek i sobot\u0119 na g\u00f3rnym parkingu b\u0119dzie mo\u017cna z\u0142o\u017cy\u0107 elektro\u015bmieci \u2013 zu\u017cyte telewizory, drukarki, radia, lod\u00f3wki, pralki  itp. B\u0119dzie ustawiona specjalna przyczepa do kt\u00f3rej b\u0119dzie mo\u017cna z\u0142o\u017cy\u0107 niepotrzebne, zu\u017cyte sprz\u0119ty elektryczne i elektroniczne.<br \/>\n7.\t4 wrze\u015bnia, w poniedzia\u0142ek, w parafii \u015bw. Jana Kantego w Legionowie odb\u0119dzie si\u0119 spotkanie Rodziny Radia Maryja. B\u0119dzie Radio Maryja i Telewizja Trwam. Pocz\u0105tek o godz. 16.30, o godz. 18.20 uroczysta Msza \u015bwi\u0119ta. Wi\u0119cej informacji na plakacie w gablocie.<br \/>\n8.\tDzisiaj i za tydzie\u0144 o godz. 20.00 odb\u0119dzie si\u0119 w naszym ko\u015bciele koncert organowy w wykonaniu naszej organistki \u2013 Pani Doroty Bonis\u0142awskiej. B\u0119dzie mo\u017cna us\u0142ysze\u0107 wiele utwor\u00f3w dawnych mistrz\u00f3w muzyki powa\u017cnej oraz wsp\u00f3\u0142czesnych kompozytor\u00f3w. Serdecznie zapraszamy.<\/p>\n","protected":false},"excerpt":{"rendered":"<p>1. We wtorek wyruszy transport kompletnych wyprawek szkolnych dla polskich dzieci zamieszka\u0142ych na Wile\u0144szczy\u017anie. W sumie zostanie zawiezionych 120 plecak\u00f3w wype\u0142nionych przyborami szkolnymi. Dzi\u0119kujemy tym wszystkim, kt\u00f3rzy aktywnie zaanga\u017cowali si\u0119 w trud wype\u0142nienia tornistr\u00f3w przyborami szkolnymi i tym, kt\u00f3rzy przygotowywali transport na Litw\u0119. 2. We wtorek, 22 sierpnia, zapraszamy na kolejne nabo\u017ce\u0144stwo do \u015bw. Rity [&hellip;]<\/p>\n","protected":false},"author":1,"featured_media":30657,"comment_status":"closed","ping_status":"closed","sticky":false,"template":"","format":"standard","meta":{"footnotes":""},"categories":[2,14],"tags":[],"class_list":["post-19870","post","type-post","status-publish","format-standard","has-post-thumbnail","hentry","category-aktualnosci","category-ogloszenia-parafialne"],"_links":{"self":[{"href":"https:\/\/mbfatimska.ovh\/index.php\/wp-json\/wp\/v2\/posts\/19870","targetHints":{"allow":["GET"]}}],"collection":[{"href":"https:\/\/mbfatimska.ovh\/index.php\/wp-json\/wp\/v2\/posts"}],"about":[{"href":"https:\/\/mbfatimska.ovh\/index.php\/wp-json\/wp\/v2\/types\/post"}],"author":[{"embeddable":true,"href":"https:\/\/mbfatimska.ovh\/index.php\/wp-json\/wp\/v2\/users\/1"}],"replies":[{"embeddable":true,"href":"https:\/\/mbfatimska.ovh\/index.php\/wp-json\/wp\/v2\/comments?post=19870"}],"version-history":[{"count":0,"href":"https:\/\/mbfatimska.ovh\/index.php\/wp-json\/wp\/v2\/posts\/19870\/revisions"}],"wp:featuredmedia":[{"embeddable":true,"href":"https:\/\/mbfatimska.ovh\/index.php\/wp-json\/wp\/v2\/media\/30657"}],"wp:attachment":[{"href":"https:\/\/mbfatimska.ovh\/index.php\/wp-json\/wp\/v2\/media?parent=19870"}],"wp:term":[{"taxonomy":"category","embeddable":true,"href":"https:\/\/mbfatimska.ovh\/index.php\/wp-json\/wp\/v2\/categories?post=19870"},{"taxonomy":"post_tag","embeddable":true,"href":"https:\/\/mbfatimska.ovh\/index.php\/wp-json\/wp\/v2\/tags?post=19870"}],"curies":[{"name":"wp","href":"https:\/\/api.w.org\/{rel}","templated":true}]}}