{"id":20012,"date":"2023-08-21T15:14:43","date_gmt":"2023-08-21T13:14:43","guid":{"rendered":"https:\/\/www.mbfatimska.pl\/?p=20012"},"modified":"2023-08-21T15:14:43","modified_gmt":"2023-08-21T13:14:43","slug":"kolonie-olsztyn-2023-2","status":"publish","type":"post","link":"https:\/\/mbfatimska.ovh\/index.php\/2023\/08\/21\/kolonie-olsztyn-2023-2\/","title":{"rendered":"Kolonie Olsztyn 2023"},"content":{"rendered":"<p>W drugiej po\u0142owie lipca prawie 50 osobowa grupa dzieci uczestniczy\u0142a w wyje\u017adzie do Olsztyna zwiedzaj\u0105c Warmi\u0119 i Mazury. Czas by\u0142 wype\u0142niony &#8222;po brzegi&#8221;. Obok czasu relaksu &#8211; b\u0142ogiego lenistwa sp\u0119dzonego w hotelowym basenie, aquaparku w Olszynie, planetarium czy poprzez gry i zabawy takie jak i bilard, kr\u0119gle, ping pong, strzelanie z \u0142uku, wiatr\u00f3wki, gry w pi\u0142k\u0119 no\u017cn\u0105 czy w zbijaka, dzieci zwiedza\u0142y zamek w Nidzicy, Skansen wsi w Olsztynku, Sanktuarium Maryjne w Gietrzwa\u0142dzie, Star\u00f3wk\u0119 w Olsztynie, Zamek w Lidzbarku Warmi\u0144skim. Czas by\u0142 tak wype\u0142niony by\u0142o odpocz\u0105\u0107 a jednocze\u015bnie wiele zobaczy\u0107 i pozna\u0107 histori\u0119 Polski &#8211; Zakon Krzy\u017cacki, Miko\u0142aj Kopernik, Ignacy Krasicki. Dzieci uczestniczy\u0142y r\u00f3wnie\u017c w wycieczce do Gospodarstwa agroturystycznego gdzie swoje pocz\u0105tki mia\u0142 zesp\u00f3\u0142 Enej. Nie zabrak\u0142o r\u00f3wnie\u017c rejsu statkiem po kanale Ostr\u00f3dzko &#8211; Elbl\u0105skim gdzie mo\u017cna by\u0142o podziwia\u0107 pi\u0119kne krajobrazy a przede wszystkim pozna\u0107 technik\u0119 dzia\u0142ania pochylni po kt\u00f3rych statek by\u0142 przeci\u0105gany wraz z pasa\u017cerami. Przez ca\u0142y pobyt towarzyszy\u0142a nam modlitwa i konkursy jak chocia\u017cby na naj\u0142adniejszy, najczystszy pok\u00f3j. Modlili\u015bmy si\u0119 przed i po posi\u0142kach, uczestniczyli\u015bmy w Mszach \u015awi\u0119tych i modlitwie r\u00f3\u017ca\u0144cowej i koronk\u0105 do Bo\u017cego Mi\u0142osierdzia. Toi by\u0142 prawdziwy wyjazd z warto\u015bciami. Szkoda, \u017ce tak szybko si\u0119 sko\u0144czy\u0142. Do zobaczenia za rok.<\/p>\n<p><a href=\"https:\/\/www.mbfatimska.pl\/kolonie-olsztyn-2023\/\" target=\"_blank\" rel=\"noopener\">Galeria zdj\u0119\u0107<\/a><\/p>\n","protected":false},"excerpt":{"rendered":"<p>W drugiej po\u0142owie lipca prawie 50 osobowa grupa dzieci uczestniczy\u0142a w wyje\u017adzie do Olsztyna zwiedzaj\u0105c Warmi\u0119 i Mazury. Czas by\u0142 wype\u0142niony &#8222;po brzegi&#8221;. Obok czasu relaksu &#8211; b\u0142ogiego lenistwa sp\u0119dzonego w hotelowym basenie, aquaparku w Olszynie, planetarium czy poprzez gry i zabawy takie jak i bilard, kr\u0119gle, ping pong, strzelanie z \u0142uku, wiatr\u00f3wki, gry w [&hellip;]<\/p>\n","protected":false},"author":1,"featured_media":20005,"comment_status":"closed","ping_status":"closed","sticky":false,"template":"","format":"standard","meta":{"footnotes":""},"categories":[2],"tags":[],"class_list":["post-20012","post","type-post","status-publish","format-standard","has-post-thumbnail","hentry","category-aktualnosci"],"_links":{"self":[{"href":"https:\/\/mbfatimska.ovh\/index.php\/wp-json\/wp\/v2\/posts\/20012","targetHints":{"allow":["GET"]}}],"collection":[{"href":"https:\/\/mbfatimska.ovh\/index.php\/wp-json\/wp\/v2\/posts"}],"about":[{"href":"https:\/\/mbfatimska.ovh\/index.php\/wp-json\/wp\/v2\/types\/post"}],"author":[{"embeddable":true,"href":"https:\/\/mbfatimska.ovh\/index.php\/wp-json\/wp\/v2\/users\/1"}],"replies":[{"embeddable":true,"href":"https:\/\/mbfatimska.ovh\/index.php\/wp-json\/wp\/v2\/comments?post=20012"}],"version-history":[{"count":0,"href":"https:\/\/mbfatimska.ovh\/index.php\/wp-json\/wp\/v2\/posts\/20012\/revisions"}],"wp:featuredmedia":[{"embeddable":true,"href":"https:\/\/mbfatimska.ovh\/index.php\/wp-json\/wp\/v2\/media\/20005"}],"wp:attachment":[{"href":"https:\/\/mbfatimska.ovh\/index.php\/wp-json\/wp\/v2\/media?parent=20012"}],"wp:term":[{"taxonomy":"category","embeddable":true,"href":"https:\/\/mbfatimska.ovh\/index.php\/wp-json\/wp\/v2\/categories?post=20012"},{"taxonomy":"post_tag","embeddable":true,"href":"https:\/\/mbfatimska.ovh\/index.php\/wp-json\/wp\/v2\/tags?post=20012"}],"curies":[{"name":"wp","href":"https:\/\/api.w.org\/{rel}","templated":true}]}}