{"id":20581,"date":"2023-08-27T07:27:14","date_gmt":"2023-08-27T05:27:14","guid":{"rendered":"https:\/\/www.mbfatimska.pl\/?p=20581"},"modified":"2023-08-27T07:27:14","modified_gmt":"2023-08-27T05:27:14","slug":"xxi-niedziela-zwykla-2","status":"publish","type":"post","link":"https:\/\/mbfatimska.ovh\/index.php\/2023\/08\/27\/xxi-niedziela-zwykla-2\/","title":{"rendered":"XXI niedziela zwyk\u0142a"},"content":{"rendered":"<p>1. Ko\u0144czy si\u0119 czas wakacji dla dzieci i szczyt urlop\u00f3w. W pi\u0105tek z racji I pi\u0105tku miesi\u0105ca zapraszamy dzieci i doros\u0142ych do skorzystania z sakramentu pokuty po czasie wakacyjnym oraz przed rozpocz\u0119ciem nowego roku szkolnego. Spowied\u017a od godz.  17.30 do 19.30.<br \/>\n2. W poniedzia\u0142ek, po Mszy \u015bwi\u0119tej o godz. 19.00  b\u0119dziemy si\u0119 modli\u0107 nabo\u017ce\u0144stwem do b\u0142. Kardyna\u0142a Stefana Wyszy\u0144skiego, tak jak czynimy to ka\u017cdego 28 dnia miesi\u0105ca.<br \/>\n3. W \u015brod\u0119 odb\u0119dzie si\u0119 pielgrzymka autokarowa do sanktuarium Krzy\u017ca \u015awi\u0119tego na \u015awi\u0119tym Krzy\u017cu, do opactwa cysters\u00f3w w W\u0105chocku oraz sanktuarium Matki Bo\u017cej Bolesnej w Ka\u0142kowie. Wyjazd o godz. 6.30. Kto jeszcze nie op\u0142aci\u0142 wyjazdu prosz\u0119 uczyni\u0107 to do poniedzia\u0142ku w\u0142\u0105cznie. Po tym terminie uwa\u017ca\u0107 b\u0119dziemy, \u017ce jest rezygnacja z wyjazdu.<br \/>\n4. W pi\u0105tek 1 wrze\u015bnia obchodzi\u0107 b\u0119dziemy 84 rocznic\u0119 wybuchu II wojny \u015bwiatowej. W 1939 roku to te\u017c by\u0142 I pi\u0105tek miesi\u0105ca tak jak w tym roku. Pami\u0119tajmy o tych, kt\u00f3rzy w tym czasie stawili czo\u0142o niemieckiemu okupantowi oraz o tych, kt\u00f3rzy przez ca\u0142\u0105 okupacj\u0119 walczyli o nasz\u0105 wolno\u015b\u0107.<br \/>\n5. W tym tygodniu przypada:<br \/>\n&#8211; I pi\u0105tek miesi\u0105ca \u2013 spowied\u017a od godz. 17.30 do 19.30<br \/>\n&#8211; I sobota miesi\u0105ca \u2013 nabo\u017ce\u0144stwo wynagradzaj\u0105ce Niepokalanemu Sercu Naj\u015bwi\u0119tszej Maryi Panny po Mszy \u015bwi\u0119tej o godzinie 19:00 i trwa\u0107 b\u0119dzie do godziny 21:00<br \/>\n&#8211; I niedziela miesi\u0105ca \u2013 po Mszy \u015bwi\u0119tej o godzinie 12:30 wystawienie Naj\u015bwi\u0119tszego Sakramentu, procesja eucharystyczna i mo\u017cliwo\u015b\u0107 adoracji do godziny 18:45<br \/>\n6. 3 wrze\u015bnia, w pierwsz\u0105 niedziel\u0119 wrze\u015bnia zapraszamy wszystkich cz\u0142onk\u00f3w K\u00f3\u0142 \u017bywego r\u00f3\u017ca\u0144ca z naszej parafii na spotkanie, kt\u00f3re odb\u0119dzie si\u0119 po Mszy \u015bwi\u0119tej i procesji w salce pod zakrysti\u0105. W celu zweryfikowania liczebno\u015bci, wskazana obecno\u015b\u0107 obowi\u0105zkowa lub obecno\u015b\u0107 w zast\u0119pstwie osoby bliskiej. Zapraszamy ch\u0119tnych do udzia\u0142u w tej pi\u0119knej modlitewnej misji, tak\u017ce m\u0119\u017cczyzn do utworzenia ko\u0142a r\u00f3\u017ca\u0144cowego.<br \/>\n7. Od pi\u0105tku rozpoczynamy, tak jak w ca\u0142ej Polsce, nowenn\u0119 przed uroczysto\u015bci\u0105 beatyfikacji rodziny Ulm\u00f3w, kt\u00f3ra odb\u0119dzie si\u0119 10 wrze\u015bnia w Markowej. Nowenna b\u0119dzie w ramach Mszy \u015bwi\u0119tej o godzinie 19:00 i cz\u0119\u015bciowo po Mszy \u015bwi\u0119tej. Nowenna zosta\u0142a oparta na o\u015bmiu b\u0142ogos\u0142awie\u0144stwach Jezusa. Przez nowenn\u0119 b\u0119dziemy poznawa\u0107 nie tylko przes\u0142anie poszczeg\u00f3lnych b\u0142ogos\u0142awie\u0144stw, ale r\u00f3wnie\u017c spos\u00f3b ich realizacji przez rodzin\u0119 Ulm\u00f3w. To dzi\u0119ki niej stan\u0105 si\u0119 dla nas wzorem do na\u015bladowania, a zarazem nauczycielami \u017cycia wiar\u0105 wed\u0142ug Jezusowych b\u0142ogos\u0142awie\u0144stw.<br \/>\n8. W pi\u0105tek o godzinie 20:00 w salce pod zakrysti\u0105 odb\u0119dzie si\u0119 katecheza przed sakramentem chrztu. Bior\u0105 w niej udzia\u0142 rodzice dziecka, chrzestni je\u015bli s\u0105 z naszej parafii i kandydaci na rodzic\u00f3w chrzestnych.<br \/>\n9. Jeszcze dzisiaj zapraszamy na kolejny koncert muzyki organowej w wykonaniu naszej organistki Pani Doroty Bonis\u0142awskiej. Zaczynamy o godzinie 20:00.<br \/>\n10. Do poniedzia\u0142ku rano b\u0119dzie jeszcze przyczepa, gdzie mo\u017cna z\u0142o\u017cy\u0107 du\u017cego rozmiaru elektro\u015bmieci. Przyczepa znajduje si\u0119 na g\u00f3rnym parkingu.<br \/>\n11. W przysz\u0142\u0105 niedziel\u0119 o godzinie 18:00 w salce pod zakrysti\u0105 odb\u0119dzie si\u0119 spotkanie dla os\u00f3b wyje\u017cd\u017caj\u0105cych na prze\u0142omie wrze\u015bnia i pa\u017adziernika na pielgrzymk\u0119 do Turcji. Obecno\u015b\u0107 obowi\u0105zkowa.<\/p>\n","protected":false},"excerpt":{"rendered":"<p>1. Ko\u0144czy si\u0119 czas wakacji dla dzieci i szczyt urlop\u00f3w. W pi\u0105tek z racji I pi\u0105tku miesi\u0105ca zapraszamy dzieci i doros\u0142ych do skorzystania z sakramentu pokuty po czasie wakacyjnym oraz przed rozpocz\u0119ciem nowego roku szkolnego. Spowied\u017a od godz. 17.30 do 19.30. 2. W poniedzia\u0142ek, po Mszy \u015bwi\u0119tej o godz. 19.00 b\u0119dziemy si\u0119 modli\u0107 nabo\u017ce\u0144stwem do [&hellip;]<\/p>\n","protected":false},"author":1,"featured_media":30657,"comment_status":"closed","ping_status":"closed","sticky":false,"template":"","format":"standard","meta":{"footnotes":""},"categories":[2,14],"tags":[],"class_list":["post-20581","post","type-post","status-publish","format-standard","has-post-thumbnail","hentry","category-aktualnosci","category-ogloszenia-parafialne"],"_links":{"self":[{"href":"https:\/\/mbfatimska.ovh\/index.php\/wp-json\/wp\/v2\/posts\/20581","targetHints":{"allow":["GET"]}}],"collection":[{"href":"https:\/\/mbfatimska.ovh\/index.php\/wp-json\/wp\/v2\/posts"}],"about":[{"href":"https:\/\/mbfatimska.ovh\/index.php\/wp-json\/wp\/v2\/types\/post"}],"author":[{"embeddable":true,"href":"https:\/\/mbfatimska.ovh\/index.php\/wp-json\/wp\/v2\/users\/1"}],"replies":[{"embeddable":true,"href":"https:\/\/mbfatimska.ovh\/index.php\/wp-json\/wp\/v2\/comments?post=20581"}],"version-history":[{"count":0,"href":"https:\/\/mbfatimska.ovh\/index.php\/wp-json\/wp\/v2\/posts\/20581\/revisions"}],"wp:featuredmedia":[{"embeddable":true,"href":"https:\/\/mbfatimska.ovh\/index.php\/wp-json\/wp\/v2\/media\/30657"}],"wp:attachment":[{"href":"https:\/\/mbfatimska.ovh\/index.php\/wp-json\/wp\/v2\/media?parent=20581"}],"wp:term":[{"taxonomy":"category","embeddable":true,"href":"https:\/\/mbfatimska.ovh\/index.php\/wp-json\/wp\/v2\/categories?post=20581"},{"taxonomy":"post_tag","embeddable":true,"href":"https:\/\/mbfatimska.ovh\/index.php\/wp-json\/wp\/v2\/tags?post=20581"}],"curies":[{"name":"wp","href":"https:\/\/api.w.org\/{rel}","templated":true}]}}