{"id":20626,"date":"2023-09-03T07:16:50","date_gmt":"2023-09-03T05:16:50","guid":{"rendered":"https:\/\/www.mbfatimska.pl\/?p=20626"},"modified":"2023-09-03T07:16:50","modified_gmt":"2023-09-03T05:16:50","slug":"xxii-niedziela-zwykla-2","status":"publish","type":"post","link":"https:\/\/mbfatimska.ovh\/index.php\/2023\/09\/03\/xxii-niedziela-zwykla-2\/","title":{"rendered":"XXII niedziela zwyk\u0142a"},"content":{"rendered":"<p>1.\tDzisiaj z racji I niedzieli miesi\u0105ca po Mszy \u015bwi\u0119tej o godz. 12.30 procesja eucharystyczna i mo\u017cliwo\u015b\u0107 adoracji Naj\u015bwi\u0119tszego Sakramentu do godz. 18.45.<br \/>\n2.\tJeszcze dzisiaj o godz. 18.00 w salce pod zakrysti\u0105 spotkanie dla os\u00f3b, kt\u00f3re na prze\u0142omie wrze\u015bnia i pa\u017adziernika udaj\u0105 si\u0119 na pielgrzymk\u0119 do Turcji szlakiem 7 ko\u015bcio\u0142\u00f3w Apokalipsy i szlakiem \u015bw. Paw\u0142a. Obecno\u015b\u0107 obowi\u0105zkowa.<br \/>\n3.\tJutro, 4 wrze\u015bnia rozpoczyna si\u0119 nowy rok szkolny. Dzisiaj na ka\u017cdej Mszy \u015bwi\u0119tej modlimy si\u0119 o b\u0142ogos\u0142awie\u0144stwo Bo\u017ce dla dzieci, m\u0142odzie\u017cy, nauczycieli i katechet\u00f3w.<br \/>\n4.\tR\u00f3wnie\u017c jutro w parafii \u015bw. Jana Kantego, tak jak og\u0142aszali\u015bmy dwa tygodnie temu, go\u015bci\u0107 b\u0119dzie TV Trwam i Radio Maryja. Uroczysto\u015bci zaczynaj\u0105 si\u0119 ju\u017c o godz. 16.00 a uroczysta Msza \u015bwi\u0119ta o godz. 18.00. Wi\u0119cej informacji na plakacie w gablocie.<br \/>\n5.\tW poniedzia\u0142ek o godz. 19.00 zostanie odprawiona Msza \u015bwi\u0119ta wotywna o Duchu \u015awi\u0119tym. Tego dnia wsp\u00f3lnota Odnowa w Duchu \u015awi\u0119tym \u201eDzieci Maryi\u201d rozpoczyna sw\u00f3j rok formacyjny. Spotkania modlitewne b\u0119d\u0105 odbywa\u0107 si\u0119 w poniedzia\u0142ki po Mszy \u015bwi\u0119tej wieczornej. Pierwsze spotkanie ju\u017c jutro.<br \/>\n6.\tW czwartek przypada I czwartek miesi\u0105ca. Po Mszy \u015bwi\u0119tej o godz. 19.00 wystawienie Naj\u015bwi\u0119tszego Sakramentu, modlitwa koronk\u0105 do Bo\u017cego Mi\u0142osierdzia i adoracja do godz. 22.00.<br \/>\n7.\tW pi\u0105tek w Ko\u015bciele obchodzi\u0107 b\u0119dziemy \u015bwi\u0119to Narodzenia Naj\u015bwi\u0119tszej Maryi Panny, w tradycji nazywane \u015bwi\u0119tem Matki Bo\u017cej Siewnej. Zapraszamy na Msze \u015bwi\u0119te o godz. 18.00 i 19.00.<br \/>\n8.\tW przysz\u0142\u0105 niedziel\u0119, w Markowej, odb\u0119dzie si\u0119 beatyfikacja rodziny Ulm\u00f3w, kt\u00f3ra w czasie II wojny \u015bwiatowej zgin\u0119\u0142a z r\u0105k Niemc\u00f3w, za to, \u017ce ukrywa\u0142a i pomaga\u0142a \u017bydom. Ju\u017c od pi\u0105tku trwamy na modlitwie podczas nowenny, kt\u00f3ra wprowadza nas w t\u0119 uroczysto\u015b\u0107. Zapraszamy do wzi\u0119cia udzia\u0142u w nowennie dzisiaj po Mszy \u015bwi\u0119tej o godz. 12.30 przed procesj\u0105, a w dni powszednie od poniedzia\u0142ku do soboty po Mszy \u015bwi\u0119tej o godz. 19.00.<br \/>\n9.\tFundacja Pasja \u017bycia, z ul. Stru\u017ca\u0144skiej 2B obok szpitala, od 1 wrze\u015bnia zaprasza wszystkie kobiety do skorzystania z programu Akademia Rozwoju Kobiety i Rodziny. Je\u015bli panie czuj\u0105 si\u0119 zm\u0119czone, przepracowane, niewys\u0142uchane, osamotnione, je\u015bli brakuje im czasu na sam\u0105 siebie, sw\u00f3j odpoczynek i rozw\u00f3j, to mog\u0105 skorzysta\u0107 w\u0142a\u015bnie z tego programu. Wi\u0119cej informacji na plakacie.<br \/>\n10.\tW \u015brod\u0119 o godz. 17.00 odb\u0119dzie si\u0119 spotkanie dla rodzic\u00f3w dzieci klas III szko\u0142y podstawowej, kt\u00f3rzy pragn\u0105 aby dziecko w tym roku szkolnym przyst\u0105pi\u0142o do I Komunii \u015bwi\u0119tej w naszej parafii. Przypominamy, \u017ce uroczysto\u015b\u0107 I Komunii \u015bwi\u0119tej odb\u0119dzie si\u0119 w sobot\u0119 11 maja 2024 roku.<br \/>\n11.\tW przysz\u0142\u0105 niedziel\u0119 o godz. 17.45  w salce pod zakrysti\u0105 odb\u0119dzie si\u0119 spotkanie dla m\u0142odzie\u017cy przed sakramentem bierzmowania, kt\u00f3ra w ubieg\u0142ym roku szkolnym rozpocz\u0119\u0142a przygotowanie do tego sakramentu.<br \/>\n12.\t16 wrze\u015bnia organizujemy pielgrzymk\u0119 autokarow\u0105 do Cz\u0119stochowy. Wyjazd o godz. 6.00, powr\u00f3t ok godz. 20.00. Koszt pielgrzymki wraz ze zwiedzaniem klasztoru Jasnog\u00f3rskiego to 80 z\u0142 przy pe\u0142nym ob\u0142o\u017ceniu autokaru. Zapisy dzisiaj w zakrystii.<br \/>\n13.\tPrzez dwie ostatnie niedziele mogli\u015bmy uczestniczy\u0107 w koncertach muzyki powa\u017cnej w wykonaniu Pani Doroty Bonis\u0142awskiej \u2013 naszej organistki. Dzi\u0119kujemy Pani Dorocie za niebywa\u0142\u0105 uczt\u0119 duchow\u0105 poprzez w\u0142a\u015bciwy dob\u00f3r utwor\u00f3w i kunszt wykonania dzie\u0142 muzycznych.<\/p>\n","protected":false},"excerpt":{"rendered":"<p>1. Dzisiaj z racji I niedzieli miesi\u0105ca po Mszy \u015bwi\u0119tej o godz. 12.30 procesja eucharystyczna i mo\u017cliwo\u015b\u0107 adoracji Naj\u015bwi\u0119tszego Sakramentu do godz. 18.45. 2. Jeszcze dzisiaj o godz. 18.00 w salce pod zakrysti\u0105 spotkanie dla os\u00f3b, kt\u00f3re na prze\u0142omie wrze\u015bnia i pa\u017adziernika udaj\u0105 si\u0119 na pielgrzymk\u0119 do Turcji szlakiem 7 ko\u015bcio\u0142\u00f3w Apokalipsy i szlakiem \u015bw. [&hellip;]<\/p>\n","protected":false},"author":1,"featured_media":30657,"comment_status":"closed","ping_status":"closed","sticky":false,"template":"","format":"standard","meta":{"footnotes":""},"categories":[2,14],"tags":[],"class_list":["post-20626","post","type-post","status-publish","format-standard","has-post-thumbnail","hentry","category-aktualnosci","category-ogloszenia-parafialne"],"_links":{"self":[{"href":"https:\/\/mbfatimska.ovh\/index.php\/wp-json\/wp\/v2\/posts\/20626","targetHints":{"allow":["GET"]}}],"collection":[{"href":"https:\/\/mbfatimska.ovh\/index.php\/wp-json\/wp\/v2\/posts"}],"about":[{"href":"https:\/\/mbfatimska.ovh\/index.php\/wp-json\/wp\/v2\/types\/post"}],"author":[{"embeddable":true,"href":"https:\/\/mbfatimska.ovh\/index.php\/wp-json\/wp\/v2\/users\/1"}],"replies":[{"embeddable":true,"href":"https:\/\/mbfatimska.ovh\/index.php\/wp-json\/wp\/v2\/comments?post=20626"}],"version-history":[{"count":0,"href":"https:\/\/mbfatimska.ovh\/index.php\/wp-json\/wp\/v2\/posts\/20626\/revisions"}],"wp:featuredmedia":[{"embeddable":true,"href":"https:\/\/mbfatimska.ovh\/index.php\/wp-json\/wp\/v2\/media\/30657"}],"wp:attachment":[{"href":"https:\/\/mbfatimska.ovh\/index.php\/wp-json\/wp\/v2\/media?parent=20626"}],"wp:term":[{"taxonomy":"category","embeddable":true,"href":"https:\/\/mbfatimska.ovh\/index.php\/wp-json\/wp\/v2\/categories?post=20626"},{"taxonomy":"post_tag","embeddable":true,"href":"https:\/\/mbfatimska.ovh\/index.php\/wp-json\/wp\/v2\/tags?post=20626"}],"curies":[{"name":"wp","href":"https:\/\/api.w.org\/{rel}","templated":true}]}}