{"id":20630,"date":"2023-09-10T06:49:39","date_gmt":"2023-09-10T04:49:39","guid":{"rendered":"https:\/\/www.mbfatimska.pl\/?p=20630"},"modified":"2023-09-10T06:49:39","modified_gmt":"2023-09-10T04:49:39","slug":"xxiii-niedziela-zwykla-2","status":"publish","type":"post","link":"https:\/\/mbfatimska.ovh\/index.php\/2023\/09\/10\/xxiii-niedziela-zwykla-2\/","title":{"rendered":"XXIII niedziela zwyk\u0142a"},"content":{"rendered":"<p>1.\tW dniu dzisiejszym Ko\u015bci\u00f3\u0142 w Polsce prze\u017cywa wielk\u0105 uroczysto\u015b\u0107 beatyfikacji rodziny Ulm\u00f3w z Markowej, kt\u00f3ra zgin\u0119\u0142a w czasie II wojny \u015bwiatowej z r\u0105k Niemc\u00f3w, tylko za to, \u017ce pomaga\u0142a \u017bydom. Na\u015bladujmy mi\u0142o\u015b\u0107 nowych b\u0142ogos\u0142awionych.<br \/>\n2.\tTak\u017ce w dniu dzisiejszym rozpoczynamy w Ko\u015bciele XIII Tydzie\u0144 Wychowania pod has\u0142em: \u201eWsp\u00f3lnota s\u0142uchaj\u0105ca i ewangelizuj\u0105ca\u201d.<br \/>\n3.\tW dzisiejsz\u0105 niedziel\u0119 o godz. 17.45 w salce pod zakrysti\u0105 odb\u0119dzie si\u0119 spotkanie dla m\u0142odzie\u017cy, kt\u00f3ra w ubieg\u0142ym roku rozpocz\u0119\u0142a przygotowanie do sakramentu bierzmowania. Obecno\u015b\u0107 obowi\u0105zkowa.<br \/>\n4.\tWe wtorek na godz. 17.00 zapraszamy rodzic\u00f3w dzieci, kt\u00f3re w tym roku szkolnym b\u0119d\u0105 przyst\u0119powa\u0107 do Komunii \u015bwi\u0119tej rocznicowej.<br \/>\n5.\tNa \u015brod\u0119, na godz. 17.00, do ko\u015bcio\u0142a zapraszamy m\u0142odzie\u017c, kt\u00f3ra w naszej parafii wyra\u017ca ch\u0119\u0107 rozpocz\u0119cia cyklu przygotowa\u0144 do sakramentu bierzmowania.<br \/>\n6.\tZa tydzie\u0144, o godz. 10.25 odb\u0119dzie si\u0119 pierwsza katecheza dla dzieci klas III, kt\u00f3re w naszej parafii rozpoczn\u0105 przygotowania do I Komunii \u015bwi\u0119tej.<br \/>\n7.\tR\u00f3wnie\u017c w przysz\u0142\u0105 niedziel\u0119 o godz. 17.00 odb\u0119dzie si\u0119 spotkanie dla rodzic\u00f3w ministrant\u00f3w, scholi i bielanek w nowym roku formacyjnym.<br \/>\n8.\tWe wtorek, w godz. 17.00-19.00, b\u0119dzie mo\u017cna skorzysta\u0107 z darmowych porad prawnika. Porady s\u0105 udzielane w budynku Centrum Wsparcia Fizycznego.<br \/>\n9.\tW \u015brod\u0119, 13 wrze\u015bnia, zapraszamy na kolejne nabo\u017ce\u0144stwo fatimskie. O godz. 19.00 zostanie odprawiona Msza \u015bwi\u0119ta, a po niej procesja z figur\u0105 Matki Bo\u017cej Fatimskiej i modlitwa r\u00f3\u017ca\u0144cowa. Zabierzmy ze sob\u0105 \u015bwiece.<br \/>\n10.\tR\u00f3wnie\u017c w \u015brod\u0119 o godz. 7.30 zostanie odprawiona Msza \u015bwi\u0119ta w intencji firm, w\u0142a\u015bcicieli, pracownik\u00f3w i ich rodzin z Legionowa i okolic, powierzaj\u0105c je opiece Matki Bo\u017cej Fatimskiej.<br \/>\n11.\tW dniu 13 wrze\u015bnia z racji nabo\u017ce\u0144stwa fatimskiego nie b\u0119dzie czynna kancelaria parafialna.<br \/>\n12.\tW czwartek, 14 wrze\u015bnia, obchodzi\u0107 b\u0119dziemy \u015bwi\u0119to Podwy\u017cszenia Krzy\u017ca \u015bwi\u0119tego. Zapraszamy na Msze \u015bwi\u0119te o godz. 18.00 i 19.00.<br \/>\n13.\tW sobot\u0119 grupa parafian udaje si\u0119 na autokarow\u0105 pielgrzymk\u0119 do Cz\u0119stochowy, na Jasn\u0105 G\u00f3r\u0119. Wyjazd o godz. 6.00, powr\u00f3t oko\u0142o godz. 20.00. Osoby, kt\u00f3re nie uregulowa\u0142y odp\u0142atno\u015bci za pielgrzymk\u0119, proszone s\u0105 do wtorku o uiszczenie odp\u0142atno\u015bci.<br \/>\n14.\tSo\u0142tys wsi Stanis\u0142aw\u00f3w Drugi zaprasza na zebranie wiejskie, kt\u00f3re odb\u0119dzie si\u0119 14 wrze\u015bnia o godz. 18.00 w O\u015brodku Kultury w Stanis\u0142awowie Drugim.<br \/>\n15.\tWe wrze\u015bniu i pa\u017adzierniku panie w wieku 18-75 lat, mog\u0105 skorzysta\u0107 z bezp\u0142atnych bada\u0144 tarczycy oraz konsultacji lekarskich. Wi\u0119cej informacji na plakacie w gablocie. Zadanie dofinansowane przez powiat legionowski.<br \/>\n16.\tPami\u0119tajmy, \u017ce mo\u017cemy skorzysta\u0107 z zabieg\u00f3w rehabilitacyjnych i fizykoterapii. Zabiegi s\u0105 udzielane od poniedzia\u0142ku do pi\u0105tku w godz. 15.30-18.00. Nie potrzeba skierowania od lekarza. W ofercie fizykoterapii: pole magnetyczne, fala uderzeniowa, ultrad\u017awi\u0119ki, drena\u017c limfatyczny, masa\u017c leczniczy. Wi\u0119cej informacji na plakacie w gablocie i na ulotkach wy\u0142o\u017conych na stolikach za \u0142awkami.<br \/>\n17.\tPo wakacyjnej przerwie powraca nasz parafialny biuletyn \u201e\u017bycie parafii\u201d. Serdecznie dzi\u0119kujemy Pa\u0144stwu Kalinowskim za wieloletni wk\u0142ad w powstawanie naszego biuletynu oraz za kontynuowanie w nowym roku tej pos\u0142ugi na rzecz naszej wsp\u00f3lnoty parafialnej.<\/p>\n","protected":false},"excerpt":{"rendered":"<p>1. W dniu dzisiejszym Ko\u015bci\u00f3\u0142 w Polsce prze\u017cywa wielk\u0105 uroczysto\u015b\u0107 beatyfikacji rodziny Ulm\u00f3w z Markowej, kt\u00f3ra zgin\u0119\u0142a w czasie II wojny \u015bwiatowej z r\u0105k Niemc\u00f3w, tylko za to, \u017ce pomaga\u0142a \u017bydom. Na\u015bladujmy mi\u0142o\u015b\u0107 nowych b\u0142ogos\u0142awionych. 2. Tak\u017ce w dniu dzisiejszym rozpoczynamy w Ko\u015bciele XIII Tydzie\u0144 Wychowania pod has\u0142em: \u201eWsp\u00f3lnota s\u0142uchaj\u0105ca i ewangelizuj\u0105ca\u201d. 3. W dzisiejsz\u0105 [&hellip;]<\/p>\n","protected":false},"author":1,"featured_media":30657,"comment_status":"closed","ping_status":"closed","sticky":false,"template":"","format":"standard","meta":{"footnotes":""},"categories":[2,14],"tags":[],"class_list":["post-20630","post","type-post","status-publish","format-standard","has-post-thumbnail","hentry","category-aktualnosci","category-ogloszenia-parafialne"],"_links":{"self":[{"href":"https:\/\/mbfatimska.ovh\/index.php\/wp-json\/wp\/v2\/posts\/20630","targetHints":{"allow":["GET"]}}],"collection":[{"href":"https:\/\/mbfatimska.ovh\/index.php\/wp-json\/wp\/v2\/posts"}],"about":[{"href":"https:\/\/mbfatimska.ovh\/index.php\/wp-json\/wp\/v2\/types\/post"}],"author":[{"embeddable":true,"href":"https:\/\/mbfatimska.ovh\/index.php\/wp-json\/wp\/v2\/users\/1"}],"replies":[{"embeddable":true,"href":"https:\/\/mbfatimska.ovh\/index.php\/wp-json\/wp\/v2\/comments?post=20630"}],"version-history":[{"count":0,"href":"https:\/\/mbfatimska.ovh\/index.php\/wp-json\/wp\/v2\/posts\/20630\/revisions"}],"wp:featuredmedia":[{"embeddable":true,"href":"https:\/\/mbfatimska.ovh\/index.php\/wp-json\/wp\/v2\/media\/30657"}],"wp:attachment":[{"href":"https:\/\/mbfatimska.ovh\/index.php\/wp-json\/wp\/v2\/media?parent=20630"}],"wp:term":[{"taxonomy":"category","embeddable":true,"href":"https:\/\/mbfatimska.ovh\/index.php\/wp-json\/wp\/v2\/categories?post=20630"},{"taxonomy":"post_tag","embeddable":true,"href":"https:\/\/mbfatimska.ovh\/index.php\/wp-json\/wp\/v2\/tags?post=20630"}],"curies":[{"name":"wp","href":"https:\/\/api.w.org\/{rel}","templated":true}]}}