{"id":20632,"date":"2023-09-16T23:37:02","date_gmt":"2023-09-16T21:37:02","guid":{"rendered":"https:\/\/www.mbfatimska.pl\/?p=20632"},"modified":"2023-09-16T23:37:02","modified_gmt":"2023-09-16T21:37:02","slug":"xxiv-niedziela-zwykla-2","status":"publish","type":"post","link":"https:\/\/mbfatimska.ovh\/index.php\/2023\/09\/16\/xxiv-niedziela-zwykla-2\/","title":{"rendered":"XXIV niedziela zwyk\u0142a"},"content":{"rendered":"<p>1.\tW dniu wczorajszym grupa parafian uczestniczy\u0142a w autokarowej pielgrzymce na Jasn\u0105 G\u00f3r\u0119, wraz ze zwiedzaniem z przewodnikiem Sanktuarium Mi\u0142osierdzia Bo\u017cego w Dolinie Mi\u0142osierdzia. Dzi\u0119kujemy wszystkim za \u015bwiadectwo wiary i mi\u0142o\u015bci do Matki Bo\u017cej. Dzi\u0119kujemy tak\u017ce za ofiar\u0119 z\u0142o\u017con\u0105 przez pielgrzym\u00f3w w kwocie 475 z\u0142 na potrzeby ko\u015bcio\u0142a.<br \/>\n2.\tJeszcze dzisiaj odb\u0119d\u0105 si\u0119 nast\u0119puj\u0105ce spotkania:<br \/>\n&#8211; o godz. 10.25 \u2013 dla dzieci klas III szko\u0142y podstawowej przed uroczysto\u015bci\u0105 I Komunii \u015bwi\u0119tej<br \/>\n&#8211; o godz. 17.00 \u2013 dla rodzic\u00f3w ministrant\u00f3w, bielanek i scholi<br \/>\n3.\tW poniedzia\u0142ek, 18 wrze\u015bnia, przypada \u015bwi\u0119to \u015bw. Stanis\u0142awa Kostki, patrona Polski, a ponadto patrona ministrant\u00f3w, dzieci i m\u0142odzie\u017cy. W czwartek, 21 wrze\u015bnia, obchodzi\u0107 b\u0119dziemy \u015bwi\u0119to \u015bw. Mateusza, aposto\u0142a i ewangelisty.<br \/>\n4.\tW \u015brod\u0119 odb\u0119dzie si\u0119 na naszym terenie III Mazowiecka Spartakiada os\u00f3b z niepe\u0142nosprawno\u015bciami. W sumie w spartakiadzie we\u017amie udzia\u0142 140 os\u00f3b niepe\u0142nosprawnych z ca\u0142ego wojew\u00f3dztwa. Wydarzenie to realizowane jest przez Legionowskie Stowarzyszenie AMICUS przy wsparciu Zarz\u0105du Wojew\u00f3dztwa Mazowieckiego.<br \/>\n5.\tZ 21 na 22 wrze\u015bnia zapraszamy na ca\u0142odobow\u0105 adoracj\u0119 Naj\u015bwi\u0119tszego Sakramentu przygotowan\u0105 przez wsp\u00f3lnot\u0119 dla Intronizacji Serca Pana Jezusa. Rozpoczniemy Msz\u0105 \u015bwi\u0119t\u0105 o godz. 19.00 w czwartek, a zako\u0144czymy w pi\u0105tek Msz\u0105 \u015bwi\u0119t\u0105 o godz. 18.00. Program adoracji znajduje si\u0119 w gablocie, na stronie internetowej i w biuletynie.<br \/>\n6.\t22 wrze\u015bnia zapraszamy na kolejne nabo\u017ce\u0144stwo do \u015bw. Rity. Rozpoczniemy Msz\u0105 \u015bwi\u0119t\u0105 o godz. 19.00 w czasie kt\u00f3rej po\u015bwi\u0119cimy r\u00f3\u017ce, a po Eucharystii modlitwy do patronki spraw trudnych i beznadziejnych. R\u00f3\u017ce b\u0119dzie mo\u017cna zakupi\u0107 przed Msz\u0105 \u015bwi\u0119t\u0105.<br \/>\n7.\tR\u00f3wnie\u017c 22 wrze\u015bnia o godz. 9.00 swoj\u0105 Msz\u0119 \u015bwi\u0119t\u0105 do \u015bw. Rity b\u0119d\u0105 mia\u0142y osoby niepe\u0142nosprawne z Warsztat\u00f3w Terapii Zaj\u0119ciowej i seniorzy z Klubu Seniora AMICUS.<br \/>\n8.\tW pi\u0105tek, o godz. 19.40, w salce pod zakrysti\u0105 swoje spotkanie b\u0119dzie mie\u0107 m\u0142odzie\u017c rozpoczynaj\u0105ca swoje przygotowanie do sakramentu bierzmowania. Je\u015bli kto\u015b jeszcze wyra\u017ca ch\u0119\u0107 przyst\u0105pienia do bierzmowania to zapraszamy na spotkanie.<br \/>\n9.\tW przysz\u0142\u0105 niedziel\u0119 odb\u0119d\u0105 si\u0119 nast\u0119puj\u0105ce spotkania:<br \/>\n&#8211; o godz. 17.45 dla m\u0142odzie\u017cy, przed sakramentem bierzmowania, kt\u00f3ra w ubieg\u0142ym roku rozpocz\u0119\u0142a cykl katechez<br \/>\n&#8211; o godz. 18.30 dla os\u00f3b, kt\u00f3re 27 wrze\u015bnia wyje\u017cd\u017caj\u0105 na pielgrzymk\u0119 do Turcji.<br \/>\n10.\tW dniach 30 wrze\u015bnia \u2013 1 pa\u017adziernika odb\u0119d\u0105 si\u0119 w naszej parafii dwudniowe rekolekcje dla ma\u0142\u017ce\u0144stw sakramentalnych i par niesakramentalnych. Przyjd\u017a, odkryj i do\u015bwiadcz mi\u0142o\u015bci Boga, kt\u00f3ra nape\u0142ni  i poprowadzi wasz zwi\u0105zek. Szczeg\u00f3\u0142y dotycz\u0105ce zapis\u00f3w na plakacie w gablocie.<br \/>\n11.\tOdnowa w Duchu \u015awi\u0119tym, dzia\u0142aj\u0105ca przy parafii \u015bw. Jana Kantego w Legionowie zaprasza na rekolekcje ewangelizacyjne w dniach 25 wrze\u015bnia \u2013 27 listopada 2023 roku. Wi\u0119cej informacji na plakacie w gablocie.<\/p>\n","protected":false},"excerpt":{"rendered":"<p>1. W dniu wczorajszym grupa parafian uczestniczy\u0142a w autokarowej pielgrzymce na Jasn\u0105 G\u00f3r\u0119, wraz ze zwiedzaniem z przewodnikiem Sanktuarium Mi\u0142osierdzia Bo\u017cego w Dolinie Mi\u0142osierdzia. Dzi\u0119kujemy wszystkim za \u015bwiadectwo wiary i mi\u0142o\u015bci do Matki Bo\u017cej. Dzi\u0119kujemy tak\u017ce za ofiar\u0119 z\u0142o\u017con\u0105 przez pielgrzym\u00f3w w kwocie 475 z\u0142 na potrzeby ko\u015bcio\u0142a. 2. Jeszcze dzisiaj odb\u0119d\u0105 si\u0119 nast\u0119puj\u0105ce spotkania: [&hellip;]<\/p>\n","protected":false},"author":1,"featured_media":30657,"comment_status":"closed","ping_status":"closed","sticky":false,"template":"","format":"standard","meta":{"footnotes":""},"categories":[2,14],"tags":[],"class_list":["post-20632","post","type-post","status-publish","format-standard","has-post-thumbnail","hentry","category-aktualnosci","category-ogloszenia-parafialne"],"_links":{"self":[{"href":"https:\/\/mbfatimska.ovh\/index.php\/wp-json\/wp\/v2\/posts\/20632","targetHints":{"allow":["GET"]}}],"collection":[{"href":"https:\/\/mbfatimska.ovh\/index.php\/wp-json\/wp\/v2\/posts"}],"about":[{"href":"https:\/\/mbfatimska.ovh\/index.php\/wp-json\/wp\/v2\/types\/post"}],"author":[{"embeddable":true,"href":"https:\/\/mbfatimska.ovh\/index.php\/wp-json\/wp\/v2\/users\/1"}],"replies":[{"embeddable":true,"href":"https:\/\/mbfatimska.ovh\/index.php\/wp-json\/wp\/v2\/comments?post=20632"}],"version-history":[{"count":0,"href":"https:\/\/mbfatimska.ovh\/index.php\/wp-json\/wp\/v2\/posts\/20632\/revisions"}],"wp:featuredmedia":[{"embeddable":true,"href":"https:\/\/mbfatimska.ovh\/index.php\/wp-json\/wp\/v2\/media\/30657"}],"wp:attachment":[{"href":"https:\/\/mbfatimska.ovh\/index.php\/wp-json\/wp\/v2\/media?parent=20632"}],"wp:term":[{"taxonomy":"category","embeddable":true,"href":"https:\/\/mbfatimska.ovh\/index.php\/wp-json\/wp\/v2\/categories?post=20632"},{"taxonomy":"post_tag","embeddable":true,"href":"https:\/\/mbfatimska.ovh\/index.php\/wp-json\/wp\/v2\/tags?post=20632"}],"curies":[{"name":"wp","href":"https:\/\/api.w.org\/{rel}","templated":true}]}}