{"id":20644,"date":"2023-09-23T22:53:53","date_gmt":"2023-09-23T20:53:53","guid":{"rendered":"https:\/\/www.mbfatimska.pl\/?p=20644"},"modified":"2023-09-23T22:53:53","modified_gmt":"2023-09-23T20:53:53","slug":"xxv-niedziela-zwykla-2","status":"publish","type":"post","link":"https:\/\/mbfatimska.ovh\/index.php\/2023\/09\/23\/xxv-niedziela-zwykla-2\/","title":{"rendered":"XXV niedziela zwyk\u0142a"},"content":{"rendered":"<p>1.\tW minionym tygodniu, w \u015brod\u0119, na naszym terenie parafialnym odby\u0142a si\u0119 Mazowiecka Spartakiada os\u00f3b z niepe\u0142nosprawno\u015bciami. W sumie przyby\u0142o ponad 160 os\u00f3b niepe\u0142nosprawnych. Dzi\u0119kujemy zawodnikom za trud zmaga\u0144 sportowych, a Legionowskiemu Stowarzyszeniu AMICUS i pracownikom, za trud organizacji tego wydarzenia.<br \/>\n2.\tW dzisiejsz\u0105 niedziel\u0119 obchodzimy 109 \u015bwiatowy Dzie\u0144 Migranta i Uchod\u017acy, pod has\u0142em: \u201eWolni, aby wybra\u0107: migrowa\u0107, czy pozosta\u0107\u201d. To najstarsza tego typu inicjatywa, w kt\u00f3rej Ko\u015bci\u00f3\u0142 chce zwr\u00f3ci\u0107 szczeg\u00f3ln\u0105 uwag\u0119 na konkretn\u0105 grup\u0119 os\u00f3b.<br \/>\n3.\tJeszcze dzisiaj odb\u0119d\u0105 si\u0119 nast\u0119puj\u0105ce spotkania:<br \/>\n&#8211; o godz. 17.45 dla m\u0142odzie\u017cy przed sakramentem bierzmowania \u2013 grupa z zesz\u0142ego roku<br \/>\n&#8211; o godz. 18.30 dla os\u00f3b udaj\u0105cych si\u0119 w \u015brod\u0119 na pielgrzymk\u0119 do Turcji.<br \/>\n4.\tW czwartek, 28 wrze\u015bnia, w Centrum Wparcia Fizycznego b\u0119dzie przyjmowa\u0142 logopeda szkolny w godz. 17.00-18.00.<br \/>\n5.\tW pi\u0105tek, 29 wrze\u015bnia, obchodzimy w naszej diecezji \u015bwi\u0119to rocznicy po\u015bwi\u0119cenia bazyliki katedralnej w Warszawie-Pradze. W zwi\u0105zku z tym \u015bwi\u0119to \u015bwi\u0119tych Archanio\u0142\u00f3w Micha\u0142a, Gabriela i Rafa\u0142a b\u0119dziemy obchodzi\u0107 we wtorek, 3 pa\u017adziernika. R\u00f3wnie\u017c w pi\u0105tek o godz. 19.00 zostanie odprawiona Msza \u015bwi\u0119ta wypominkowa za zmar\u0142ych z naszych rodzin.<br \/>\n6.\tOd 1 pa\u017adziernika, czyli od przysz\u0142ej niedzieli, zmieniaj\u0105 si\u0119 godziny popo\u0142udniowych Mszy \u015bwi\u0119tych i urz\u0119dowania kancelarii parafialnej. W dni powszednie Msze \u015bwi\u0119te b\u0119d\u0105 sprawowane o godz. 17.00 i 18.00. W niedziele do po\u0142udnia bez zmian, a popo\u0142udniu o godz. 18.00. Kancelaria b\u0119dzie czynna od poniedzia\u0142ku do \u015brody w godz. 18.30-19.15, z wyj\u0105tkiem pierwszego tygodnia pa\u017adziernika gdy kancelaria b\u0119dzie czynna w godz. 19.00-19.45. W sobot\u0119 kancelaria b\u0119dzie czynna od godz. 09.00 do godz. 10.00.<br \/>\n7.\tW pa\u017adzierniku, w miesi\u0105cu maryjnym, zapraszamy na nabo\u017ce\u0144stwa r\u00f3\u017ca\u0144cowe. W niedziel\u0119 o godz. 17.15, a w dni powszednie, od poniedzia\u0142ku do soboty, po Mszy \u015bwi\u0119tej o godz. 18.00. Dzieci zapraszamy na r\u00f3\u017caniec  w poniedzia\u0142ki, \u015brody i pi\u0105tki o godz. 16.30.<br \/>\n8.\tOd przysz\u0142ej niedzieli rozpoczyna si\u0119 nowa edycja kursu przedma\u0142\u017ce\u0144skiego. Zapraszamy tych, kt\u00f3rzy pragn\u0105 skorzysta\u0107 z nauk przedma\u0142\u017ce\u0144skich na godz. 19.00 do kawiarenki.<br \/>\n9.\tR\u00f3wnie\u017c za tydzie\u0144 o godz. 19.00 w salce pod zakrysti\u0105 odb\u0119dzie si\u0119 spotkanie dla m\u0142odzie\u017cy przed sakramentem bierzmowania(nowa, tegoroczna grupa).<br \/>\n10.\tZa tydzie\u0144 obchodzi\u0107 b\u0119dziemy I niedziel\u0119 miesi\u0105ca. Po Mszy \u015bwi\u0119tej o godz. 12.30 ostatnia w tym roku procesja eucharystyczna i mo\u017cliwo\u015b\u0107 adoracji Naj\u015bwi\u0119tszego Sakramentu po procesji  do godz. 17.15, do rozpocz\u0119cia nabo\u017ce\u0144stwa r\u00f3\u017ca\u0144cowego.<br \/>\n11.\tW dniach 30 wrze\u015bnia \u2013 1 pa\u017adziernika odb\u0119d\u0105 si\u0119 w naszej parafii dwudniowe rekolekcje dla ma\u0142\u017ce\u0144stw sakramentalnych i par niesakramentalnych. Przyjd\u017a, odkryj i do\u015bwiadcz mi\u0142o\u015bci Boga, kt\u00f3ra nape\u0142ni  i poprowadzi wasz zwi\u0105zek. Szczeg\u00f3\u0142y dotycz\u0105ce zapis\u00f3w na plakacie w gablocie.<br \/>\n12.\tW przysz\u0142\u0105 niedziel\u0119 go\u015bci\u0107 b\u0119dziemy w naszej parafii ks. Dariusza Czupry\u0144skiego, dyrektora hospicjum ksi\u0119\u017cy orionist\u00f3w z Wo\u0142omina, kt\u00f3ry b\u0119dzie g\u0142osi\u0142 S\u0142owo Bo\u017ce i prosi\u0142 nas o wsparcie finansowe na rozbudow\u0119 tego hospicjum, zbieraj\u0105c przed ko\u015bcio\u0142em ofiary do puszki. Jak wa\u017cne jest to dzie\u0142o, najlepiej wiedz\u0105 osoby, kt\u00f3re zetkn\u0119\u0142y si\u0119 z nieuleczaln\u0105 chorob\u0105 nowotworow\u0105.<br \/>\n13.\tNa UKSW w Warszawie organizowane jest studium wiedzy biblijnej i teologicznej. Je\u015bli chcemy pog\u0142\u0119bi\u0107 swoj\u0105 wiar\u0119, pozna\u0107 podstawy Pisma \u015awi\u0119tego i teologii oraz bra\u0107 czynny udzia\u0142 w \u017cyciu parafii to warto skorzysta\u0107 z tych kurs\u00f3w realizowanych przez zesp\u00f3\u0142 do\u015bwiadczonych wyk\u0142adowc\u00f3w UKSW. Wi\u0119cej informacji w gablocie oraz na ulotkach, na stolikach za \u0142awkami.<br \/>\n14.\tOd soboty 7 pa\u017adziernika organizujemy warsztaty kulinarne. W programie m.in.: nauka pieczenia piernik\u00f3w, ozdabianie ciasteczek i piernik\u00f3w, lepienie figurek z masy cukrowej, zabawy, \u015bpiewanki, quizy, konkursy z nagrodami i mn\u00f3stwo rado\u015bci. Zapraszamy ka\u017cdego od 5 do 105 lat. Warsztaty organizowane s\u0105 w budynku Klubu Seniora. Zapisy na warsztaty w zakrystii. Wi\u0119cej informacji na plakacie w gablocie i na parafialnym Facebooku. Warsztaty b\u0119d\u0105 si\u0119 odbywa\u0107 w I i III sobot\u0119 miesi\u0105ca. W ka\u017cdym miesi\u0105cu b\u0119d\u0105 prezentowane i uczone nowe przepisy kulinarne i cukiernicze.<br \/>\n15.\tW niedziel\u0119, 1 pa\u017adziernika, w Domu Instytutu Prymasa Wyszy\u0144skiego w Warszawie Choszcz\u00f3wce, ul. \u015awierkowa 4, organizowany jest piknik rodzinny z b\u0142. Stefanem Wyszy\u0144skim. Rozpocz\u0119cie o godz. 10.00 wsp\u00f3ln\u0105 modlitw\u0105 r\u00f3\u017ca\u0144cow\u0105. W programie Msza \u015bwi\u0119ta, wyk\u0142ady, obiad, a o godz. 13.00 gry, zabawy, konkursy dla ca\u0142ej rodziny. Wi\u0119cej informacji na plakacie w gablocie.<br \/>\n16.\t6 pa\u017adziernika w Warszawie zorganizowana jest nocna droga r\u00f3\u017ca\u0144cowa. Rozpoczyna si\u0119 na Siekierkach w Warszawie w sanktuarium Matki Bo\u017cej Nauczycielki M\u0142odzie\u017cy o godz. 21.00 a ko\u0144czy si\u0119 w parafii Matki Bo\u017cej Pompeja\u0144skiej w Warszawie Msz\u0105 \u015bwi\u0119t\u0105 o godz. 08.00. Wi\u0119cej informacji r\u00f3wnie\u017c na plakacie w gablocie.<br \/>\n17.     W czwartek,28 wrze\u015bnia, po Mszy \u015bwi\u0119tej o godz. 18.00 b\u0119dziemy si\u0119 modli\u0107 nabo\u017ce\u0144stwem do b\u0142. Kardyna\u0142a Stefana Wyszy\u0144skiego, patrona naszego miasta, tak jak czynimy to ka\u017cdego 28 dnia miesi\u0105ca.<\/p>\n","protected":false},"excerpt":{"rendered":"<p>1. W minionym tygodniu, w \u015brod\u0119, na naszym terenie parafialnym odby\u0142a si\u0119 Mazowiecka Spartakiada os\u00f3b z niepe\u0142nosprawno\u015bciami. W sumie przyby\u0142o ponad 160 os\u00f3b niepe\u0142nosprawnych. Dzi\u0119kujemy zawodnikom za trud zmaga\u0144 sportowych, a Legionowskiemu Stowarzyszeniu AMICUS i pracownikom, za trud organizacji tego wydarzenia. 2. W dzisiejsz\u0105 niedziel\u0119 obchodzimy 109 \u015bwiatowy Dzie\u0144 Migranta i Uchod\u017acy, pod has\u0142em: \u201eWolni, [&hellip;]<\/p>\n","protected":false},"author":1,"featured_media":30657,"comment_status":"closed","ping_status":"closed","sticky":false,"template":"","format":"standard","meta":{"footnotes":""},"categories":[2,14],"tags":[],"class_list":["post-20644","post","type-post","status-publish","format-standard","has-post-thumbnail","hentry","category-aktualnosci","category-ogloszenia-parafialne"],"_links":{"self":[{"href":"https:\/\/mbfatimska.ovh\/index.php\/wp-json\/wp\/v2\/posts\/20644","targetHints":{"allow":["GET"]}}],"collection":[{"href":"https:\/\/mbfatimska.ovh\/index.php\/wp-json\/wp\/v2\/posts"}],"about":[{"href":"https:\/\/mbfatimska.ovh\/index.php\/wp-json\/wp\/v2\/types\/post"}],"author":[{"embeddable":true,"href":"https:\/\/mbfatimska.ovh\/index.php\/wp-json\/wp\/v2\/users\/1"}],"replies":[{"embeddable":true,"href":"https:\/\/mbfatimska.ovh\/index.php\/wp-json\/wp\/v2\/comments?post=20644"}],"version-history":[{"count":0,"href":"https:\/\/mbfatimska.ovh\/index.php\/wp-json\/wp\/v2\/posts\/20644\/revisions"}],"wp:featuredmedia":[{"embeddable":true,"href":"https:\/\/mbfatimska.ovh\/index.php\/wp-json\/wp\/v2\/media\/30657"}],"wp:attachment":[{"href":"https:\/\/mbfatimska.ovh\/index.php\/wp-json\/wp\/v2\/media?parent=20644"}],"wp:term":[{"taxonomy":"category","embeddable":true,"href":"https:\/\/mbfatimska.ovh\/index.php\/wp-json\/wp\/v2\/categories?post=20644"},{"taxonomy":"post_tag","embeddable":true,"href":"https:\/\/mbfatimska.ovh\/index.php\/wp-json\/wp\/v2\/tags?post=20644"}],"curies":[{"name":"wp","href":"https:\/\/api.w.org\/{rel}","templated":true}]}}