{"id":20651,"date":"2023-10-01T10:36:03","date_gmt":"2023-10-01T08:36:03","guid":{"rendered":"https:\/\/www.mbfatimska.pl\/?p=20651"},"modified":"2023-10-01T10:36:03","modified_gmt":"2023-10-01T08:36:03","slug":"xxvi-niedziela-zwykla-2","status":"publish","type":"post","link":"https:\/\/mbfatimska.ovh\/index.php\/2023\/10\/01\/xxvi-niedziela-zwykla-2\/","title":{"rendered":"XXVI niedziela zwyk\u0142a"},"content":{"rendered":"<p>1.\tW dzisiejsz\u0105 niedziel\u0119 go\u015bcimy w naszej parafii Ksi\u0119dza Dariusza Czupry\u0144skiego, dyrektora hospicjum ksi\u0119\u017cy orionist\u00f3w z Wo\u0142omina, kt\u00f3ry g\u0142osi S\u0142owo Bo\u017ce i prosi nas o wsparcie finansowe na rozbudow\u0119 tego hospicjum. Jak wa\u017cne jest to dzie\u0142o, to najlepiej wiedz\u0105 osoby, kt\u00f3re zetkn\u0119\u0142y si\u0119 z nieuleczaln\u0105 chorob\u0105 nowotworow\u0105.<br \/>\n2.\tDzisiaj, z racji I niedzieli miesi\u0105ca, po Mszy \u015bwi\u0119tej o godz. 12.30 ostatnia w tym roku procesja eucharystyczna i mo\u017cliwo\u015b\u0107 adoracji Naj\u015bwi\u0119tszego Sakramentu po procesji do godz. 17.15, do rozpocz\u0119cia nabo\u017ce\u0144stwa r\u00f3\u017ca\u0144cowego.<br \/>\n3.\tJeszcze dzisiaj odb\u0119d\u0105 si\u0119 nast\u0119puj\u0105ce spotkania:<br \/>\n&#8211; o godz. 19.00 nowa edycja kursu przedma\u0142\u017ce\u0144skiego \u2013 spotkanie odb\u0119dzie si\u0119 w kawiarence<br \/>\n&#8211; r\u00f3wnie\u017c o godz. 19.00 katecheza dla m\u0142odzie\u017cy przed sakramentem bierzmowania (nowa tegoroczna grupa) w salce pod zakrysti\u0105<br \/>\n4.\tOd dzisiaj, od 1 pa\u017adziernika, zmieniaj\u0105 si\u0119 godziny popo\u0142udniowych Mszy \u015bwi\u0119tych i urz\u0119dowanie kancelarii parafialnej. W dni powszednie Msze \u015bwi\u0119te b\u0119d\u0105 sprawowane o godz. 17.00 i 18.00, w niedziele do po\u0142udnia bez zmian, a popo\u0142udniu o godz. 18.00.  Kancelaria b\u0119dzie czynna od poniedzia\u0142ku do \u015brody w godzinach 19.00-19.45 i w sobot\u0119 od godz. 9.00 do 10.00.<br \/>\n5.\tW pa\u017adzierniku, w miesi\u0105cu maryjnym, zapraszamy na nabo\u017ce\u0144stwa r\u00f3\u017ca\u0144cowe. W niedziele o godz. 17.15, w dni powszednie od poniedzia\u0142ku do soboty po Mszy \u015bwi\u0119tej o godz. 18.00. Dzieci  zapraszamy na r\u00f3\u017caniec w poniedzia\u0142ki, \u015brody i pi\u0105tki o godz. 16.30.<br \/>\n6.\t6 pa\u017adziernika w Warszawie zorganizowana jest nocna droga r\u00f3\u017ca\u0144cowa. Rozpoczyna si\u0119 na Siekierkach w Warszawie w sanktuarium Matki Bo\u017cej Nauczycielki M\u0142odzie\u017cy o godz. 21.00 a ko\u0144czy si\u0119 w parafii Matki Bo\u017cej Pompeja\u0144skiej w Warszawie Msz\u0105 \u015bwi\u0119t\u0105 o godz. 08.00. Wi\u0119cej informacji r\u00f3wnie\u017c na plakacie w gablocie.<br \/>\n7.\tOd soboty 7 pa\u017adziernika organizujemy warsztaty kulinarne. W programie m.in.: nauka pieczenia piernik\u00f3w, ozdabianie ciasteczek i piernik\u00f3w, lepienie figurek z masy cukrowej, zabawy, \u015bpiewanki, quizy, konkursy z nagrodami i mn\u00f3stwo rado\u015bci. Zapraszamy ka\u017cdego od 5 do 105 lat. Warsztaty organizowane s\u0105 w budynku Klubu Seniora. Zapisy na warsztaty w zakrystii. Wi\u0119cej informacji na plakacie w gablocie i na parafialnym Facebooku. Warsztaty b\u0119d\u0105 si\u0119 odbywa\u0107 w I i III sobot\u0119 miesi\u0105ca o godz. 10.00. W ka\u017cdym miesi\u0105cu b\u0119d\u0105 prezentowane i uczone nowe przepisy kulinarne i cukiernicze.<br \/>\n8.\tW sobot\u0119 o godz. 10.00 w ko\u015bciele spotkanie dla m\u0142odzie\u017cy, kt\u00f3ra w pa\u017adzierniku przyjmie sakrament bierzmowania, a kt\u00f3ra ma jeszcze zaleg\u0142o\u015bci w zaliczeniach. W przysz\u0142\u0105 niedziel\u0119 o godz. 16.15 spotkanie dla ca\u0142ej zesz\u0142orocznej grupy przygotowuj\u0105cej si\u0119 do tego sakramentu.<br \/>\n9.\tW tym tygodniu przypada:<br \/>\n&#8211; I czwartek miesi\u0105ca \u2013 po Mszy \u015bwi\u0119tej i nabo\u017ce\u0144stwie r\u00f3\u017ca\u0144cowym mo\u017cliwo\u015b\u0107 adoracji Naj\u015bwi\u0119tszego Sakramentu do godz. 21.00<br \/>\n&#8211; I pi\u0105tek miesi\u0105ca \u2013 spowied\u017a od godz. 16.15 do godz. 18.30<br \/>\n&#8211; I sobota miesi\u0105ca \u2013 po nabo\u017ce\u0144stwie r\u00f3\u017ca\u0144cowym , nabo\u017ce\u0144stwo wynagradzaj\u0105ce Niepokalanemu Sercu Naj\u015bwi\u0119tszej Maryi Panny do godz. 20.00.<br \/>\n10.\tW pi\u0105tek o godz. 19.00 w salce pod zakrysti\u0105 katecheza przed chrzcielna. Bior\u0105 w niej udzia\u0142 rodzice dzieci, kt\u00f3re b\u0119d\u0105 ochrzczone w naszej parafii, b\u0105d\u017a b\u0119d\u0105 prosi\u0107 o zgod\u0119 na chrzest do innej parafii oraz kandydaci na chrzestnych i chrzestni.<br \/>\n11.\tW tym tygodniu obchodzimy w Ko\u015bciele nast\u0119puj\u0105ce wspomnienia i \u015bwi\u0119ta:<br \/>\n&#8211; w poniedzia\u0142ek wspomnienie \u015awi\u0119tych Anio\u0142\u00f3w Str\u00f3\u017c\u00f3w<br \/>\n&#8211; we wtorek \u015bwi\u0119to \u015bwi\u0119tych Archanio\u0142\u00f3w Micha\u0142a, Gabriela i Rafa\u0142a<br \/>\n&#8211; w \u015brod\u0119 wspomnienie \u015bw. Franciszka z Asy\u017cu<br \/>\n&#8211; w czwartek wspomnienie \u015bw. Faustyny<br \/>\n&#8211; w sobot\u0119 wspomnienie Naj\u015bwi\u0119tszej Maryi Panny R\u00f3\u017ca\u0144cowej<br \/>\n12.\tW przysz\u0142\u0105 niedziel\u0119 ofiary sk\u0142adane na tac\u0119 b\u0119d\u0105 przekazane na Dom \u015bw. Siostry Faustyny w Ostr\u00f3wku.<br \/>\n13.\tNa UKSW w Warszawie organizowane jest studium wiedzy biblijnej i teologicznej. Je\u015bli chcemy pog\u0142\u0119bi\u0107 swoj\u0105 wiar\u0119, pozna\u0107 podstawy Pisma \u015awi\u0119tego i teologii oraz bra\u0107 czynny udzia\u0142 w \u017cyciu parafii to warto skorzysta\u0107 z tych kurs\u00f3w realizowanych przez zesp\u00f3\u0142 do\u015bwiadczonych wyk\u0142adowc\u00f3w UKSW. Wi\u0119cej informacji w gablocie oraz na ulotkach, na stolikach za \u0142awkami.<br \/>\n14.\tW zwi\u0105zku ze 150 rocznic\u0105 urodzin gen. J\u00f3zefa Hallera Fundacja Instytut Patrium zaprasza mieszka\u0144c\u00f3w Legionowa na koncert patriotyczny, kt\u00f3ry odb\u0119dzie si\u0119 w sali widowiskowej legionowskiego Ratusza w dniu 8 pa\u017adziernika o godz. 18.00. Wi\u0119cej informacji na plakacie w gablocie.<br \/>\n15.\tMuzeum Historyczne w Legionowie zaprasza na wyk\u0142ad dr Adama Kaczy\u0144skiego \u201eWalki o podej\u015bcia do Legionowa w 1944 r.\u201d Spotkanie odb\u0119dzie si\u0119 dzisiaj o godz. 15.00 w Filii \u201ePiaski\u201d przy Al. Sybirak\u00f3w 23.<\/p>\n","protected":false},"excerpt":{"rendered":"<p>1. W dzisiejsz\u0105 niedziel\u0119 go\u015bcimy w naszej parafii Ksi\u0119dza Dariusza Czupry\u0144skiego, dyrektora hospicjum ksi\u0119\u017cy orionist\u00f3w z Wo\u0142omina, kt\u00f3ry g\u0142osi S\u0142owo Bo\u017ce i prosi nas o wsparcie finansowe na rozbudow\u0119 tego hospicjum. Jak wa\u017cne jest to dzie\u0142o, to najlepiej wiedz\u0105 osoby, kt\u00f3re zetkn\u0119\u0142y si\u0119 z nieuleczaln\u0105 chorob\u0105 nowotworow\u0105. 2. Dzisiaj, z racji I niedzieli miesi\u0105ca, po [&hellip;]<\/p>\n","protected":false},"author":1,"featured_media":30657,"comment_status":"closed","ping_status":"closed","sticky":false,"template":"","format":"standard","meta":{"footnotes":""},"categories":[2,14],"tags":[],"class_list":["post-20651","post","type-post","status-publish","format-standard","has-post-thumbnail","hentry","category-aktualnosci","category-ogloszenia-parafialne"],"_links":{"self":[{"href":"https:\/\/mbfatimska.ovh\/index.php\/wp-json\/wp\/v2\/posts\/20651","targetHints":{"allow":["GET"]}}],"collection":[{"href":"https:\/\/mbfatimska.ovh\/index.php\/wp-json\/wp\/v2\/posts"}],"about":[{"href":"https:\/\/mbfatimska.ovh\/index.php\/wp-json\/wp\/v2\/types\/post"}],"author":[{"embeddable":true,"href":"https:\/\/mbfatimska.ovh\/index.php\/wp-json\/wp\/v2\/users\/1"}],"replies":[{"embeddable":true,"href":"https:\/\/mbfatimska.ovh\/index.php\/wp-json\/wp\/v2\/comments?post=20651"}],"version-history":[{"count":0,"href":"https:\/\/mbfatimska.ovh\/index.php\/wp-json\/wp\/v2\/posts\/20651\/revisions"}],"wp:featuredmedia":[{"embeddable":true,"href":"https:\/\/mbfatimska.ovh\/index.php\/wp-json\/wp\/v2\/media\/30657"}],"wp:attachment":[{"href":"https:\/\/mbfatimska.ovh\/index.php\/wp-json\/wp\/v2\/media?parent=20651"}],"wp:term":[{"taxonomy":"category","embeddable":true,"href":"https:\/\/mbfatimska.ovh\/index.php\/wp-json\/wp\/v2\/categories?post=20651"},{"taxonomy":"post_tag","embeddable":true,"href":"https:\/\/mbfatimska.ovh\/index.php\/wp-json\/wp\/v2\/tags?post=20651"}],"curies":[{"name":"wp","href":"https:\/\/api.w.org\/{rel}","templated":true}]}}