{"id":20661,"date":"2023-10-08T07:12:11","date_gmt":"2023-10-08T05:12:11","guid":{"rendered":"https:\/\/www.mbfatimska.pl\/?p=20661"},"modified":"2023-10-08T07:12:11","modified_gmt":"2023-10-08T05:12:11","slug":"xxvii-niedziela-zwykla-2","status":"publish","type":"post","link":"https:\/\/mbfatimska.ovh\/index.php\/2023\/10\/08\/xxvii-niedziela-zwykla-2\/","title":{"rendered":"XXVII niedziela zwyk\u0142a"},"content":{"rendered":"<p>1.\tW ubieg\u0142\u0105 niedziel\u0119 go\u015bcili\u015bmy Ksi\u0119dza Dyrektora hospicjum w Wo\u0142ominie. Ksi\u0105dz Dyrektor sk\u0142ada podzi\u0119kowanie wszystkim tym, kt\u00f3rzy przez swoje ofiary przyczynili si\u0119 do rozbudowy tej szczytnej plac\u00f3wki.<br \/>\n2.\tW \u015brod\u0119 w godzinach wieczornych wr\u00f3ci\u0142a grupa pielgrzym\u00f3w z Turcji, kt\u00f3ra pielgrzymowa\u0142a szlakiem siedmiu ko\u015bcio\u0142\u00f3w Apokalipsy i \u015blad\u00f3w \u015bw. Paw\u0142a Aposto\u0142a. Pielgrzymi przekazali na rzecz parafii ofiar\u0119 w kwocie 1120 z\u0142, za co jeste\u015bmy im wdzi\u0119czni.<br \/>\n3.\tJeszcze dzisiaj odb\u0119d\u0105 si\u0119 nast\u0119puj\u0105ce spotkania i katechezy:<br \/>\n&#8211; o godz. 10.25 dla dzieci klas III przed I Komuni\u0105 \u015bwi\u0119t\u0105<br \/>\n&#8211; o godz. 16.15 dla m\u0142odzie\u017cy przed sakramentem bierzmowania (grupa z zesz\u0142ego roku)<br \/>\n&#8211; o godz. 19.00 dla narzeczonych w ramach kursu przedma\u0142\u017ce\u0144skiego<br \/>\n4.\tTrwa miesi\u0105c pa\u017adziernik \u2013 miesi\u0105c r\u00f3\u017ca\u0144cowy. Zapraszamy na nabo\u017ce\u0144stwa r\u00f3\u017ca\u0144cowe.  W niedziele o godz. 17.15, w dni powszednie od poniedzia\u0142ku do soboty po Mszy \u015bwi\u0119tej o godz. 18.00. Dzieci zapraszamy na r\u00f3\u017caniec w poniedzia\u0142ki, \u015brody i pi\u0105tki o godz. 16.30.<br \/>\n5.\tW poniedzia\u0142ek, o godz. 19.00 w ko\u015bciele, spotkanie formacyjno-informacyjne dla rodzic\u00f3w dzieci komunijnych.<br \/>\n6.\tWe wtorek, w godz. 17.00-19.00 w budynku Centrum Wsparcia Fizycznego nieodp\u0142atnie b\u0119dzie przyjmowa\u0142 prawnik.<br \/>\n7.\tW pi\u0105tek, 13 pa\u017adziernika, zapraszamy na ostatnie w tym roku nabo\u017ce\u0144stwo fatimskie. O godz. 18.00 zostanie odprawiona Msza \u015bwi\u0119ta z okoliczno\u015bciowym kazaniem i bezpo\u015brednio po niej wyruszymy w procesji fatimskiej z figur\u0105 Matki Bo\u017cej Fatimskiej. Tego dnia r\u00f3\u017caniec dla dzieci o godz. 16.30 a dla doros\u0142ych w czasie nabo\u017ce\u0144stwa fatimskiego. Ostatniemu nabo\u017ce\u0144stwu fatimskiemu b\u0119dzie przewodzi\u0142 Ksi\u0105dz Kanclerz naszej kurii, Ksi\u0105dz Pra\u0142at Maciej Mi\u0119tek.<br \/>\n8.\tW sobot\u0119 obchodzi\u0107 b\u0119dziemy Dzie\u0144 Edukacji Narodowej \u2013 Dzie\u0144 Nauczyciela. Ju\u017c dzisiaj wszystkim nauczycielom sk\u0142adamy najlepsze \u017cyczenia, zw\u0142aszcza zdrowia, cierpliwo\u015bci, docenienia ich pracy, wytrwa\u0142o\u015bci i Bo\u017cego b\u0142ogos\u0142awie\u0144stwa.<br \/>\n9.\tZa tydzie\u0144 w Ko\u015bciele prze\u017cywa\u0107 b\u0119dziemy kolejny Dzie\u0144 Papieski pod has\u0142em: \u201eCywilizacja \u017cycia\u201d. Przed ko\u015bcio\u0142em tradycyjnie zbiera\u0107 b\u0119dziemy ofiary na stypendia dla utalentowanej a biedniejszej m\u0142odzie\u017cy ze wsi i miast.<br \/>\n10.\tR\u00f3wnie\u017c za tydzie\u0144 odb\u0119d\u0105 si\u0119 nast\u0119puj\u0105ce katechezy:<br \/>\n&#8211; o godz. 10.25 dla dzieci klas IV szko\u0142y podstawowej przed Komuni\u0105 \u015bwi\u0119t\u0105 rocznicow\u0105<br \/>\n&#8211; o godz. 16.15 dla m\u0142odzie\u017cy przed sakramentem bierzmowania, grupa tegoroczna<br \/>\n&#8211; o godz. 17.00 dla m\u0142odzie\u017cy przed sakramentem bierzmowania, grupa z ubieg\u0142ego roku.<br \/>\n11.\tWielkimi krokami zbli\u017ca si\u0119 uroczysto\u015b\u0107 Wszystkich \u015awi\u0119tych. Ju\u017c dzisiaj przed ko\u015bcio\u0142em rozdawane s\u0105 kartki na wypominki, kt\u00f3re r\u00f3wnie\u017c b\u0119d\u0105 wy\u0142o\u017cone na stolikach za \u0142awkami.<br \/>\n12.\tJeszcze dzisiaj w Warszawie odb\u0119dzie si\u0119 procesja r\u00f3\u017ca\u0144cowa za Polsk\u0119. Pocz\u0105tek o godz. 12.30 Msz\u0105 \u015bwi\u0119t\u0105 w katedrze warszawsko-praskiej, a nast\u0119pnie przemarsz procesyjnie na Plac Zamkowy i zako\u0144czenie o godz. 17.00. My w naszej parafii w intencji ojczyzny b\u0119dziemy modli\u0107 si\u0119 na nabo\u017ce\u0144stwie fatimskim.<br \/>\n13.\tR\u00f3wnie\u017c dzisiaj o godz. 17.00 w sali widowiskowej ratusza wyst\u0105pi Reprezentacyjny Zesp\u00f3\u0142 Artystyczny Wojska Polskiego z okazji 150 rocznicy urodzin gen. J\u00f3zefa Hallera.<br \/>\n14.\tBardzo serdecznie dzi\u0119kujemy za pi\u0105tkowe i sobotnie prace porz\u0105dkowe na naszym terenie parafialnym. Dzi\u0119kujemy za nowe nasadzenie krzew\u00f3w  od strony furtki od ul. Orl\u0105t Lwowskich. Dzi\u0119kujemy za monta\u017c nowych siedzisk na naszym parafialnym boisku sportowym.<\/p>\n","protected":false},"excerpt":{"rendered":"<p>1. W ubieg\u0142\u0105 niedziel\u0119 go\u015bcili\u015bmy Ksi\u0119dza Dyrektora hospicjum w Wo\u0142ominie. Ksi\u0105dz Dyrektor sk\u0142ada podzi\u0119kowanie wszystkim tym, kt\u00f3rzy przez swoje ofiary przyczynili si\u0119 do rozbudowy tej szczytnej plac\u00f3wki. 2. W \u015brod\u0119 w godzinach wieczornych wr\u00f3ci\u0142a grupa pielgrzym\u00f3w z Turcji, kt\u00f3ra pielgrzymowa\u0142a szlakiem siedmiu ko\u015bcio\u0142\u00f3w Apokalipsy i \u015blad\u00f3w \u015bw. Paw\u0142a Aposto\u0142a. Pielgrzymi przekazali na rzecz parafii ofiar\u0119 [&hellip;]<\/p>\n","protected":false},"author":1,"featured_media":30657,"comment_status":"closed","ping_status":"closed","sticky":false,"template":"","format":"standard","meta":{"footnotes":""},"categories":[2,14],"tags":[],"class_list":["post-20661","post","type-post","status-publish","format-standard","has-post-thumbnail","hentry","category-aktualnosci","category-ogloszenia-parafialne"],"_links":{"self":[{"href":"https:\/\/mbfatimska.ovh\/index.php\/wp-json\/wp\/v2\/posts\/20661","targetHints":{"allow":["GET"]}}],"collection":[{"href":"https:\/\/mbfatimska.ovh\/index.php\/wp-json\/wp\/v2\/posts"}],"about":[{"href":"https:\/\/mbfatimska.ovh\/index.php\/wp-json\/wp\/v2\/types\/post"}],"author":[{"embeddable":true,"href":"https:\/\/mbfatimska.ovh\/index.php\/wp-json\/wp\/v2\/users\/1"}],"replies":[{"embeddable":true,"href":"https:\/\/mbfatimska.ovh\/index.php\/wp-json\/wp\/v2\/comments?post=20661"}],"version-history":[{"count":0,"href":"https:\/\/mbfatimska.ovh\/index.php\/wp-json\/wp\/v2\/posts\/20661\/revisions"}],"wp:featuredmedia":[{"embeddable":true,"href":"https:\/\/mbfatimska.ovh\/index.php\/wp-json\/wp\/v2\/media\/30657"}],"wp:attachment":[{"href":"https:\/\/mbfatimska.ovh\/index.php\/wp-json\/wp\/v2\/media?parent=20661"}],"wp:term":[{"taxonomy":"category","embeddable":true,"href":"https:\/\/mbfatimska.ovh\/index.php\/wp-json\/wp\/v2\/categories?post=20661"},{"taxonomy":"post_tag","embeddable":true,"href":"https:\/\/mbfatimska.ovh\/index.php\/wp-json\/wp\/v2\/tags?post=20661"}],"curies":[{"name":"wp","href":"https:\/\/api.w.org\/{rel}","templated":true}]}}