{"id":20670,"date":"2023-10-14T16:38:11","date_gmt":"2023-10-14T14:38:11","guid":{"rendered":"https:\/\/www.mbfatimska.pl\/?p=20670"},"modified":"2023-10-14T16:38:11","modified_gmt":"2023-10-14T14:38:11","slug":"informacje-dla-rodzicow-dzieci-komunijnych-2023-2024","status":"publish","type":"post","link":"https:\/\/mbfatimska.ovh\/index.php\/2023\/10\/14\/informacje-dla-rodzicow-dzieci-komunijnych-2023-2024\/","title":{"rendered":"INFORMACJE DLA RODZIC\u00d3W DZIECI KOMUNIJNYCH 2023\/2024"},"content":{"rendered":"<ol>\n<li>Dzieci uczestnicz\u0105 w <strong><u>niedzielnej Mszy \u015bwi\u0119tej o godz. 11.00<\/u><\/strong> (po ka\u017cdej Mszy \u015bwi\u0119tej otrzymuj\u0105 naklejki, kt\u00f3re wklejaj\u0105 do indeksu)<\/li>\n<\/ol>\n<p>&nbsp;<\/p>\n<ol start=\"2\">\n<li><strong><u>W drug\u0105 i czwart\u0105 niedziel\u0119 miesi\u0105ca<\/u><\/strong> uczestnicz\u0105 w katechezie o godz. 10.25 w ko\u015bciele przed Msz\u0105 \u015bwi\u0119t\u0105 (obecno\u015b\u0107 obowi\u0105zkowa)<\/li>\n<\/ol>\n<p>&nbsp;<\/p>\n<ol start=\"3\">\n<li>Rodzice maj\u0105 swoje spotkania formacyjne <strong><u>w pierwsze poniedzia\u0142ki miesi\u0105ca<\/u><\/strong> po Mszy \u015bwi\u0119tej wieczornej lub po nabo\u017ce\u0144stwie (obecno\u015b\u0107 obowi\u0105zkowa)<\/li>\n<\/ol>\n<p>&nbsp;<\/p>\n<ol start=\"4\">\n<li><strong><u>W pa\u017adzierniku<\/u><\/strong> dzieci bior\u0105 udzia\u0142 w nabo\u017ce\u0144stwie r\u00f3\u017ca\u0144cowym \u2013 poniedzia\u0142ek, \u015broda, pi\u0105tek o godz. 16.30 (minimum 4 razy)<\/li>\n<\/ol>\n<p>&nbsp;<\/p>\n<ol start=\"5\">\n<li>Zg\u0142oszenia nale\u017cy dostarczy\u0107 <strong><u>do ko\u0144ca wrze\u015bnia 2023<\/u><\/strong> wraz z potwierdzeniem katechezy z ubieg\u0142ego roku (\u015bwiadectwo szkolne do wgl\u0105du)<\/li>\n<\/ol>\n<p>&nbsp;<\/p>\n<ol start=\"6\">\n<li><strong><u>Do ko\u0144ca pa\u017adziernika<\/u><\/strong> nale\u017cy dostarczy\u0107 aktualne \u015bwiadectwo chrztu \u2013 je\u015bli dziecko nie by\u0142o ochrzczone w naszej parafii<\/li>\n<\/ol>\n<p>&nbsp;<\/p>\n<ol start=\"7\">\n<li><strong><u>Do ko\u0144ca wrze\u015bnia<\/u><\/strong> prosz\u0119 dostarczy\u0107 zgod\u0119 z parafii zamieszkania na przyst\u0105pienie dziecka do I Komunii \u015bwi\u0119tej w naszej parafii \u2013 je\u015bli dziecko nie przynale\u017cy do naszej parafii<\/li>\n<\/ol>\n","protected":false},"excerpt":{"rendered":"<p>Dzieci uczestnicz\u0105 w niedzielnej Mszy \u015bwi\u0119tej o godz. 11.00 (po ka\u017cdej Mszy \u015bwi\u0119tej otrzymuj\u0105 naklejki, kt\u00f3re wklejaj\u0105 do indeksu) &nbsp; W drug\u0105 i czwart\u0105 niedziel\u0119 miesi\u0105ca uczestnicz\u0105 w katechezie o godz. 10.25 w ko\u015bciele przed Msz\u0105 \u015bwi\u0119t\u0105 (obecno\u015b\u0107 obowi\u0105zkowa) &nbsp; Rodzice maj\u0105 swoje spotkania formacyjne w pierwsze poniedzia\u0142ki miesi\u0105ca po Mszy \u015bwi\u0119tej wieczornej lub po [&hellip;]<\/p>\n","protected":false},"author":1,"featured_media":30657,"comment_status":"closed","ping_status":"closed","sticky":false,"template":"","format":"standard","meta":{"footnotes":""},"categories":[9],"tags":[],"class_list":["post-20670","post","type-post","status-publish","format-standard","has-post-thumbnail","hentry","category-komunia"],"_links":{"self":[{"href":"https:\/\/mbfatimska.ovh\/index.php\/wp-json\/wp\/v2\/posts\/20670","targetHints":{"allow":["GET"]}}],"collection":[{"href":"https:\/\/mbfatimska.ovh\/index.php\/wp-json\/wp\/v2\/posts"}],"about":[{"href":"https:\/\/mbfatimska.ovh\/index.php\/wp-json\/wp\/v2\/types\/post"}],"author":[{"embeddable":true,"href":"https:\/\/mbfatimska.ovh\/index.php\/wp-json\/wp\/v2\/users\/1"}],"replies":[{"embeddable":true,"href":"https:\/\/mbfatimska.ovh\/index.php\/wp-json\/wp\/v2\/comments?post=20670"}],"version-history":[{"count":0,"href":"https:\/\/mbfatimska.ovh\/index.php\/wp-json\/wp\/v2\/posts\/20670\/revisions"}],"wp:featuredmedia":[{"embeddable":true,"href":"https:\/\/mbfatimska.ovh\/index.php\/wp-json\/wp\/v2\/media\/30657"}],"wp:attachment":[{"href":"https:\/\/mbfatimska.ovh\/index.php\/wp-json\/wp\/v2\/media?parent=20670"}],"wp:term":[{"taxonomy":"category","embeddable":true,"href":"https:\/\/mbfatimska.ovh\/index.php\/wp-json\/wp\/v2\/categories?post=20670"},{"taxonomy":"post_tag","embeddable":true,"href":"https:\/\/mbfatimska.ovh\/index.php\/wp-json\/wp\/v2\/tags?post=20670"}],"curies":[{"name":"wp","href":"https:\/\/api.w.org\/{rel}","templated":true}]}}