{"id":20672,"date":"2023-10-15T07:41:10","date_gmt":"2023-10-15T05:41:10","guid":{"rendered":"https:\/\/www.mbfatimska.pl\/?p=20672"},"modified":"2023-10-15T07:41:10","modified_gmt":"2023-10-15T05:41:10","slug":"xxviii-niedziela-zwykla-2","status":"publish","type":"post","link":"https:\/\/mbfatimska.ovh\/index.php\/2023\/10\/15\/xxviii-niedziela-zwykla-2\/","title":{"rendered":"XXVIII niedziela zwyk\u0142a"},"content":{"rendered":"<p>1.\tDzisiaj w Ko\u015bciele w Polsce obchodzimy kolejny Dzie\u0144 Papieski pod has\u0142em \u201eJan Pawe\u0142 II \u2013 cywilizacja \u017cycia\u201d.  Przed ko\u015bcio\u0142em zbierane s\u0105 ofiary na stypendia dla m\u0142odzie\u017cy ze wsi i miast. W ten spos\u00f3b budujemy \u017cywy pomnik naszemu wielkiemu rodakowi. Jutro, 16 pa\u017adziernika, przypada 45 rocznica wyboru Kardyna\u0142a Karola Wojty\u0142y na papie\u017ca. B\u0119dziemy dzi\u015b w spos\u00f3b szczeg\u00f3lny przyzywa\u0107 wstawiennictwa \u015bwi\u0119tego Jana Paw\u0142a II podczas nabo\u017ce\u0144stwa r\u00f3\u017ca\u0144cowego z rozwa\u017caniami \u015bwi\u0119tego papie\u017ca o godz. 17.15.<br \/>\n2.\tJeszcze dzisiaj  odb\u0119d\u0105 si\u0119 nast\u0119puj\u0105ce spotkania \u2013 katechezy:<br \/>\n&#8211; o godz. 10.25 dla dzieci klas IV szko\u0142y podstawowej przed rocznic\u0105 Komunii \u015bwi\u0119tej<br \/>\n&#8211; o godz. 16.15 dla m\u0142odzie\u017cy przed sakramentem bierzmowania \u2013 grupa tegoroczna<br \/>\n&#8211; o godz. 17.00 dla m\u0142odzie\u017cy przed sakramentem bierzmowania \u2013 grupa z ubieg\u0142ego roku<br \/>\n&#8211; o godz. 19.00 dla narzeczonych w ramach kursu przedma\u0142\u017ce\u0144skiego<br \/>\n3.\t19 pa\u017adziernika, w czwartek, zapraszamy na kolejne nabo\u017ce\u0144stwo do \u015bw. J\u00f3zefa patrona ma\u0142\u017ce\u0144stw i rodzin. O godz. 18.00 b\u0119dzie sprawowana Msza \u015bwi\u0119ta i po Mszy \u015bwi\u0119tej modlitwy do patrona rodzin po\u0142\u0105czone z nabo\u017ce\u0144stwem r\u00f3\u017ca\u0144cowym.<br \/>\n4.\tW przysz\u0142\u0105 niedziel\u0119 prze\u017cywa\u0107 b\u0119dziemy niedziel\u0119 misyjn\u0105. Przez ofiary z\u0142o\u017cone na tac\u0119 b\u0119dziemy wspiera\u0107 misjonarzy i misjonarki pracuj\u0105cych na r\u00f3\u017cnych kontynentach.<br \/>\n5.\tR\u00f3wnie\u017c z przysz\u0142\u0105 niedziel\u0119, 22 pa\u017adziernika zapraszamy na kolejne nabo\u017ce\u0144stwo do \u015bw. Rity patronki spraw trudnych i beznadziejnych. Nabo\u017ce\u0144stwo b\u0119dzie po\u0142\u0105czone z nabo\u017ce\u0144stwem r\u00f3\u017ca\u0144cowym. O godz. 17.15 b\u0119dziemy przedstawia \u0107 w modlitwie \u015bw. Ricie nasze intencje. Na Mszy \u015bwi\u0119tej o godz. 18.00 zostan\u0105 po\u015bwi\u0119cone r\u00f3\u017ce, kt\u00f3re b\u0119dziemy mogli zakupi\u0107 przed ko\u015bcio\u0142em, przed nabo\u017ce\u0144stwem r\u00f3\u017ca\u0144cowym. Intencje r\u00f3wnie\u017c mo\u017cemy z\u0142o\u017cy\u0107 przed godz. 17.15, przed rozpocz\u0119ciem nabo\u017ce\u0144stwa.<br \/>\n6.\tW przysz\u0142\u0105 niedziel\u0119 odb\u0119d\u0105 si\u0119 nast\u0119puj\u0105ce spotkania \u2013 katechezy:<br \/>\n&#8211; o godz. 10.25 katecheza dla dzieci klas III szko\u0142y podstawowej przed I Komuni\u0105 \u015bwi\u0119t\u0105<br \/>\n&#8211; o godz. 16.30 dla m\u0142odzie\u017cy przed sakramentem bierzmowania \u2013 grupa z ubieg\u0142ego roku<br \/>\n&#8211; o godz. 19.00 dla narzeczonych w ramach kursu przedma\u0142\u017ce\u0144skiego<br \/>\n7.\tW tym tygodniu w Ko\u015bciele obchodzimy nast\u0119puj\u0105ce wspomnienia i \u015bwi\u0119ta:<br \/>\n&#8211; w poniedzia\u0142ek wspomnienie \u015bw. Jadwigi<br \/>\n&#8211; we wtorek wspomnienie \u015bw. Ignacego Antioche\u0144skiego<br \/>\n&#8211; w \u015brod\u0119 \u015bwi\u0119to \u015bw. \u0141ukasza Ewangelisty<br \/>\n&#8211; w pi\u0105tek wspomnienie \u015bw. Jana Kantego<br \/>\n8.\tW sobot\u0119 zapraszamy na kolejne warsztaty kulinarno-ciastkarskie. Zaczynamy o godz. 10.00 w budynku Klubu Seniora. Zapisy od dzisiaj do czwartku w\u0142\u0105cznie w zakrystii. W sobot\u0119, tydzie\u0144 temu by\u0142o 15 os\u00f3b. By\u0142o wiele zabawy, a przede wszystkim sztuka robienia piernik\u00f3w i ich przyozdobienia. Zapraszamy na kolejne zaj\u0119cia, gdzie b\u0119dzie co\u015b nowego, b\u0119d\u0105 konkursy i nagrody.<br \/>\n9.      Przyjmujemy na wypominki roczne, oktawalne i jednorazowe. Kartki wypominkowe s\u0105 wy\u0142o\u017cone na stolikach za \u0142awkami.<\/p>\n","protected":false},"excerpt":{"rendered":"<p>1. Dzisiaj w Ko\u015bciele w Polsce obchodzimy kolejny Dzie\u0144 Papieski pod has\u0142em \u201eJan Pawe\u0142 II \u2013 cywilizacja \u017cycia\u201d. Przed ko\u015bcio\u0142em zbierane s\u0105 ofiary na stypendia dla m\u0142odzie\u017cy ze wsi i miast. W ten spos\u00f3b budujemy \u017cywy pomnik naszemu wielkiemu rodakowi. Jutro, 16 pa\u017adziernika, przypada 45 rocznica wyboru Kardyna\u0142a Karola Wojty\u0142y na papie\u017ca. B\u0119dziemy dzi\u015b w [&hellip;]<\/p>\n","protected":false},"author":1,"featured_media":30657,"comment_status":"closed","ping_status":"closed","sticky":false,"template":"","format":"standard","meta":{"footnotes":""},"categories":[2,14],"tags":[],"class_list":["post-20672","post","type-post","status-publish","format-standard","has-post-thumbnail","hentry","category-aktualnosci","category-ogloszenia-parafialne"],"_links":{"self":[{"href":"https:\/\/mbfatimska.ovh\/index.php\/wp-json\/wp\/v2\/posts\/20672","targetHints":{"allow":["GET"]}}],"collection":[{"href":"https:\/\/mbfatimska.ovh\/index.php\/wp-json\/wp\/v2\/posts"}],"about":[{"href":"https:\/\/mbfatimska.ovh\/index.php\/wp-json\/wp\/v2\/types\/post"}],"author":[{"embeddable":true,"href":"https:\/\/mbfatimska.ovh\/index.php\/wp-json\/wp\/v2\/users\/1"}],"replies":[{"embeddable":true,"href":"https:\/\/mbfatimska.ovh\/index.php\/wp-json\/wp\/v2\/comments?post=20672"}],"version-history":[{"count":0,"href":"https:\/\/mbfatimska.ovh\/index.php\/wp-json\/wp\/v2\/posts\/20672\/revisions"}],"wp:featuredmedia":[{"embeddable":true,"href":"https:\/\/mbfatimska.ovh\/index.php\/wp-json\/wp\/v2\/media\/30657"}],"wp:attachment":[{"href":"https:\/\/mbfatimska.ovh\/index.php\/wp-json\/wp\/v2\/media?parent=20672"}],"wp:term":[{"taxonomy":"category","embeddable":true,"href":"https:\/\/mbfatimska.ovh\/index.php\/wp-json\/wp\/v2\/categories?post=20672"},{"taxonomy":"post_tag","embeddable":true,"href":"https:\/\/mbfatimska.ovh\/index.php\/wp-json\/wp\/v2\/tags?post=20672"}],"curies":[{"name":"wp","href":"https:\/\/api.w.org\/{rel}","templated":true}]}}