{"id":20676,"date":"2023-10-15T13:31:47","date_gmt":"2023-10-15T11:31:47","guid":{"rendered":"https:\/\/www.mbfatimska.pl\/?p=20676"},"modified":"2023-10-15T13:31:47","modified_gmt":"2023-10-15T11:31:47","slug":"informacje-dla-mlodziezy-przed-sakramentem-bierzmowania-grupa-zeszloroczna","status":"publish","type":"post","link":"https:\/\/mbfatimska.ovh\/index.php\/2023\/10\/15\/informacje-dla-mlodziezy-przed-sakramentem-bierzmowania-grupa-zeszloroczna\/","title":{"rendered":"INFORMACJE DLA M\u0141ODZIE\u017bY PRZED SAKRAMENTEM BIERZMOWANIA grupa zesz\u0142oroczna"},"content":{"rendered":"<p>INFORMACJE DLA M\u0141ODZIE\u017bY<br \/>\nPRZED SAKRAMENTEM BIERZMOWANIA<\/p>\n<p>\u2022\tSPOTKANIE\t&#8211; NIEDZIELA 15 PA\u0179DZIERNIKA 2023 GODZ. 17.00<br \/>\n\t\t\t&#8211; NIEDZIELA 22 PA\u0179DZIERNIKA 2023 GODZ. 16.30<\/p>\n<p>\u2022\tPR\u00d3BY PRZED BIERZMOWANIEM<br \/>\n\t\t&#8211; WTOREK 24 PA\u0179DZIERNIKA<br \/>\n\t\t\t\t&#8211; GODZ. 18.30 R\u00d3\u017bANIEC<br \/>\n\t\t\t\t&#8211; GODZ. 19.00 PR\u00d3BA<\/p>\n<p>\t\t&#8211; CZWARTEK 26 PA\u0179DZIERNIKA<br \/>\n\t\t\t\t&#8211; GODZ. 18.30 R\u00d3\u017bANIEC<br \/>\n\t\t\t\t&#8211; GODZ. 19.00 PR\u00d3BA<\/p>\n<p>\t\t&#8211; PI\u0104TEK 27 PA\u0179DZIERNIKA<br \/>\n\t\t\t\t&#8211; SPOWIED\u0179 OD 17.30 DO 18.30<br \/>\n\t\t\t(SPOWIED\u0179 DLA M\u0141ODZIE\u017bY, \u015aWIADK\u00d3W I RODZIN)<\/p>\n<p>UROCZYSTO\u015a\u0106 BIERZMOWANIA<br \/>\nSOBOTA 28 PA\u0179DZIERNIKA<br \/>\nMSZA \u015aWI\u0118TA O GODZ. 11.00, PRZYCHODZIMY JU\u017b NA GODZ. 10.45<\/p>\n","protected":false},"excerpt":{"rendered":"<p>INFORMACJE DLA M\u0141ODZIE\u017bY PRZED SAKRAMENTEM BIERZMOWANIA \u2022 SPOTKANIE &#8211; NIEDZIELA 15 PA\u0179DZIERNIKA 2023 GODZ. 17.00 &#8211; NIEDZIELA 22 PA\u0179DZIERNIKA 2023 GODZ. 16.30 \u2022 PR\u00d3BY PRZED BIERZMOWANIEM &#8211; WTOREK 24 PA\u0179DZIERNIKA &#8211; GODZ. 18.30 R\u00d3\u017bANIEC &#8211; GODZ. 19.00 PR\u00d3BA &#8211; CZWARTEK 26 PA\u0179DZIERNIKA &#8211; GODZ. 18.30 R\u00d3\u017bANIEC &#8211; GODZ. 19.00 PR\u00d3BA &#8211; PI\u0104TEK 27 PA\u0179DZIERNIKA &#8211; [&hellip;]<\/p>\n","protected":false},"author":1,"featured_media":30657,"comment_status":"closed","ping_status":"closed","sticky":false,"template":"","format":"standard","meta":{"footnotes":""},"categories":[4],"tags":[],"class_list":["post-20676","post","type-post","status-publish","format-standard","has-post-thumbnail","hentry","category-bierzmowanie"],"_links":{"self":[{"href":"https:\/\/mbfatimska.ovh\/index.php\/wp-json\/wp\/v2\/posts\/20676","targetHints":{"allow":["GET"]}}],"collection":[{"href":"https:\/\/mbfatimska.ovh\/index.php\/wp-json\/wp\/v2\/posts"}],"about":[{"href":"https:\/\/mbfatimska.ovh\/index.php\/wp-json\/wp\/v2\/types\/post"}],"author":[{"embeddable":true,"href":"https:\/\/mbfatimska.ovh\/index.php\/wp-json\/wp\/v2\/users\/1"}],"replies":[{"embeddable":true,"href":"https:\/\/mbfatimska.ovh\/index.php\/wp-json\/wp\/v2\/comments?post=20676"}],"version-history":[{"count":0,"href":"https:\/\/mbfatimska.ovh\/index.php\/wp-json\/wp\/v2\/posts\/20676\/revisions"}],"wp:featuredmedia":[{"embeddable":true,"href":"https:\/\/mbfatimska.ovh\/index.php\/wp-json\/wp\/v2\/media\/30657"}],"wp:attachment":[{"href":"https:\/\/mbfatimska.ovh\/index.php\/wp-json\/wp\/v2\/media?parent=20676"}],"wp:term":[{"taxonomy":"category","embeddable":true,"href":"https:\/\/mbfatimska.ovh\/index.php\/wp-json\/wp\/v2\/categories?post=20676"},{"taxonomy":"post_tag","embeddable":true,"href":"https:\/\/mbfatimska.ovh\/index.php\/wp-json\/wp\/v2\/tags?post=20676"}],"curies":[{"name":"wp","href":"https:\/\/api.w.org\/{rel}","templated":true}]}}