{"id":21035,"date":"2023-10-16T11:11:39","date_gmt":"2023-10-16T09:11:39","guid":{"rendered":"https:\/\/www.mbfatimska.pl\/?p=21035"},"modified":"2023-10-16T11:11:39","modified_gmt":"2023-10-16T09:11:39","slug":"w-drodze-do-siedmiu-kosciolow-apokalipsy-i-na-spotkanie-ze-sw-pawlem-pielgrzymka-turcja-2023-2","status":"publish","type":"post","link":"https:\/\/mbfatimska.ovh\/index.php\/2023\/10\/16\/w-drodze-do-siedmiu-kosciolow-apokalipsy-i-na-spotkanie-ze-sw-pawlem-pielgrzymka-turcja-2023-2\/","title":{"rendered":"W drodze do siedmiu Ko\u015bcio\u0142\u00f3w Apokalipsy i na spotkanie ze \u015bw. Paw\u0142em. Pielgrzymka. Turcja 2023"},"content":{"rendered":"<p>&#8222;W drodze do Siedmiu Ko\u015bcio\u0142\u00f3w Apokalipsy i na spotkanie ze \u015aw. Paw\u0142em&#8221; to g\u0142\u00f3wny temat pielgrzymki, kt\u00f3ra odby\u0142a si\u0119 w dniach 27.09 &#8211; 04.10.2023 zorganizowanego przez naszego ks. Proboszcza Tomasza Chcia\u0142owskiego przy wsp\u00f3\u0142pracy biura turystycznego Hermes.<br \/>\nJu\u017c pierwszego dnia gdy wyruszali\u015bmy na pielgrzymi szlak odczuli\u015bmy trud rannego wstawania- godz. 3-cia nad ranem to dla niekt\u00f3rych z nas by\u0142o wyzwaniem, wielu tej nocy nie spa\u0142o&#8230;oko\u0142o po\u0142udnia wyl\u0105dowali\u015bmy szcz\u0119\u015bliwie w Antalya. Turcja przywita\u0142a nas upa\u0142em;ubranie na &#8222;cebulk\u0119&#8221; sprawdzi\u0142o si\u0119 doskonale.Po zakwaterowaniu w hotelu grupa 27 pielgrzym\u00f3w ruszy\u0142a na spacer,aby poczu\u0107 klimat dla nas egzotycznego miejsca.Wieczorem Msza \u015aw. w hotelowej sali i otwarcie naszych serc na w\u0119dr\u00f3wk\u0119 \u015bladami \u015awi\u0119tego Paw\u0142a,kt\u00f3ry tu zak\u0142ada\u0142 wsp\u00f3lnoty chrze\u015bcija\u0144skie,o te wsp\u00f3lnoty dba\u0142,naucza\u0142,upomina\u0142&#8230;znamy to z jego List\u00f3w Apostolskich.<br \/>\nPrzez te 7 dni przejechali\u015bmy wiele kilometr\u00f3w tego przyjaznego kraju,kt\u00f3ry otoczony jest g\u00f3rami i Morzami :Egejskim,\u015ar\u00f3dziemnym i Czarnym.Podziwiali\u015bmy zar\u00f3wno wszechpot\u0119\u017cne g\u00f3ry,a na ich stokach miasta,osady,a w dolinach wsie i sady drzewek:granat\u00f3w,limonek,pomara\u0144czy,gaj\u00f3w oliwnych&#8230;<br \/>\nG\u0142\u00f3wnym motywem tej pielgrzymki by\u0142 \u015aw. Pawe\u0142 i jego szlak w\u0119dr\u00f3wki.Odwiedzili\u015bmy takie miejsca: Laodycea(ma\u0142y Efez-tu przez pewien czas zamieszkiwa\u0142 \u015aw. Jan), Hierapolis(teatr rzymski),Pamukale(imponuj\u0105ce wapienne tarasy), Filadelfi\u0119-zwiedzanie ruin ko\u015bcio\u0142a zVI wieku n.e.i ruin ko\u015bcio\u0142a \u015bw. Jana, Sart-Sardes jeden z pierwszych o\u015brodk\u00f3w chrze\u015bcija\u0144skich w Azji Mniejszej, Pergamon &#8211; zabytki Akropolu ,Smyrna(wsp\u00f3\u0142czesny Izmir)-drugi Ko\u015bci\u00f3\u0142 Apokalipsy &#8211; do tej wsp\u00f3lnoty wczesnochrze\u015bcija\u0144skiej Jan nie kierowa\u0142 \u017cadnych wyrzut\u00f3w;Efez-najlepiej zachowane miasto w Turcji,tu dwa lata naucza\u0142 \u015aw. Pawe\u0142(Listy do Efezjan)Tutaj przebywa\u0142 \u015bw.Jan Ewangelista,ostatnie lata te\u017c sp\u0119dzi\u0142a Maryja;Msza \u015awi\u0119ta w Sanktuarium Domu Matki Bo\u017cej wzruszy\u0142a nas wszystkich tak\u017ce naszego ks. Tomasza; Milet i Didyma &#8211; zwiedzanie pozosta\u0142o\u015bci staro\u017cytnych miast z ruinami olbrzymiego teatru z epoki rzymskiej-tam te\u017c celebrowali\u015bmy Msz\u0119 \u015awi\u0119t\u0105 w plenerze; Myra-oko\u0142o 60 roku n.e.zatrzyma\u0142 si\u0119 \u015aw. Pawe\u0142 odbywaj\u0105cy podr\u00f3\u017c do Rzymu;w ruinach ko\u015bcio\u0142a \u015aw. Miko\u0142aja uczestniczyli\u015bmy we Mszy \u015awi\u0119tej odprawianej przez naszego kap\u0142ana&#8230;<br \/>\nTa kt\u00f3ra notatka nie zobrazuje tej bardzo udanej i szcz\u0119\u015bliwie odbytej pielgrzymki.Przez ten kr\u00f3tki okres uda\u0142o si\u0119 stworzy\u0107 zgran\u0105 i zdyscyplinowan\u0105 Wsp\u00f3lnot\u0119 Pielgrzymkow\u0105 na czele z naszym Przewodnikiem Duchowym ks. Tomaszem Chcia\u0142owskim-brawo Ksi\u0119\u017ce za pomys\u0142 tej wspania\u0142ej trasy pielgrzymkowej,czekamy na nast\u0119pn\u0105 propozycj\u0119 naszego wsp\u00f3lnego pielgrzymowania&#8230;<br \/>\nWyra\u017camy te\u017c nasz\u0105 wdzi\u0119czno\u015b\u0107 naszej pilotce p. Agnieszce Sierakowskiej oraz przewodniczce tureckiej i kierowcy Tarikowi,kt\u00f3ry zaopatrywa\u0142 nas w wod\u0119 i wspaniale,bezpiecznie wozi\u0142 po tureckich drogach &#8211; wielokrotnie podziwiali\u015bmy jego wspania\u0142e umiej\u0119tno\u015bci i kunszt zawodowy.<br \/>\nWdzi\u0119czni Pielgrzymi<\/p>\n<p><a href=\"https:\/\/www.mbfatimska.pl\/w-drodze-do-siedmiu-kosciolow-apokalipsy-i-na-spotkanie-ze-sw-pawlem-pielgrzymka-turcja-2023\/\" target=\"_blank\" rel=\"noopener\">Galeria zdj\u0119\u0107<\/a><\/p>\n","protected":false},"excerpt":{"rendered":"<p>&#8222;W drodze do Siedmiu Ko\u015bcio\u0142\u00f3w Apokalipsy i na spotkanie ze \u015aw. Paw\u0142em&#8221; to g\u0142\u00f3wny temat pielgrzymki, kt\u00f3ra odby\u0142a si\u0119 w dniach 27.09 &#8211; 04.10.2023 zorganizowanego przez naszego ks. Proboszcza Tomasza Chcia\u0142owskiego przy wsp\u00f3\u0142pracy biura turystycznego Hermes. Ju\u017c pierwszego dnia gdy wyruszali\u015bmy na pielgrzymi szlak odczuli\u015bmy trud rannego wstawania- godz. 3-cia nad ranem to dla niekt\u00f3rych [&hellip;]<\/p>\n","protected":false},"author":1,"featured_media":20988,"comment_status":"closed","ping_status":"closed","sticky":false,"template":"","format":"standard","meta":{"footnotes":""},"categories":[2],"tags":[],"class_list":["post-21035","post","type-post","status-publish","format-standard","has-post-thumbnail","hentry","category-aktualnosci"],"_links":{"self":[{"href":"https:\/\/mbfatimska.ovh\/index.php\/wp-json\/wp\/v2\/posts\/21035","targetHints":{"allow":["GET"]}}],"collection":[{"href":"https:\/\/mbfatimska.ovh\/index.php\/wp-json\/wp\/v2\/posts"}],"about":[{"href":"https:\/\/mbfatimska.ovh\/index.php\/wp-json\/wp\/v2\/types\/post"}],"author":[{"embeddable":true,"href":"https:\/\/mbfatimska.ovh\/index.php\/wp-json\/wp\/v2\/users\/1"}],"replies":[{"embeddable":true,"href":"https:\/\/mbfatimska.ovh\/index.php\/wp-json\/wp\/v2\/comments?post=21035"}],"version-history":[{"count":0,"href":"https:\/\/mbfatimska.ovh\/index.php\/wp-json\/wp\/v2\/posts\/21035\/revisions"}],"wp:featuredmedia":[{"embeddable":true,"href":"https:\/\/mbfatimska.ovh\/index.php\/wp-json\/wp\/v2\/media\/20988"}],"wp:attachment":[{"href":"https:\/\/mbfatimska.ovh\/index.php\/wp-json\/wp\/v2\/media?parent=21035"}],"wp:term":[{"taxonomy":"category","embeddable":true,"href":"https:\/\/mbfatimska.ovh\/index.php\/wp-json\/wp\/v2\/categories?post=21035"},{"taxonomy":"post_tag","embeddable":true,"href":"https:\/\/mbfatimska.ovh\/index.php\/wp-json\/wp\/v2\/tags?post=21035"}],"curies":[{"name":"wp","href":"https:\/\/api.w.org\/{rel}","templated":true}]}}