{"id":21039,"date":"2023-10-21T22:27:03","date_gmt":"2023-10-21T20:27:03","guid":{"rendered":"https:\/\/www.mbfatimska.pl\/?p=21039"},"modified":"2023-10-21T22:27:03","modified_gmt":"2023-10-21T20:27:03","slug":"xxix-niedziela-zwykla-2","status":"publish","type":"post","link":"https:\/\/mbfatimska.ovh\/index.php\/2023\/10\/21\/xxix-niedziela-zwykla-2\/","title":{"rendered":"XXIX niedziela zwyk\u0142a"},"content":{"rendered":"<p>1.\tW dniu dzisiejszym obchodzimy kolejn\u0105 Niedziel\u0119 Misyjn\u0105 rozpoczynaj\u0105c tydzie\u0144 modlitw  w intencji  misjonarzy i ca\u0142ego dzie\u0142a misyjnego. Przez dzisiejsze ofiary chcemy wesprze\u0107  trudn\u0105 i bardzo niebezpieczn\u0105 prac\u0119 misjonarzy.<br \/>\n2.\tR\u00f3wnie\u017c dzisiaj w ca\u0142ej Polsce dokonuje si\u0119 liczenie wiernych uczestnicz\u0105cych we Mszach \u015bwi\u0119tych, jak i przyst\u0119puj\u0105cych do Komunii \u015bwi\u0119tej. Wychodz\u0105c z ko\u015bcio\u0142a prosimy o wolniejsze opuszczanie \u015bwi\u0105tyni, tak by osoby przed ko\u015bcio\u0142em mog\u0142y nas policzy\u0107.<br \/>\n3.\tTak\u017ce dzisiaj zapraszamy na kolejne nabo\u017ce\u0144stwo do \u015bw. Rity. O godz. 17.15 w ramach nabo\u017ce\u0144stwa r\u00f3\u017ca\u0144cowego b\u0119dziemy zanosi\u0107 nasze modlitwy do patronki spraw trudnych i beznadziejnych, a podczas Mszy \u015bwi\u0119tej o godz. 18.00, dokonamy po\u015bwi\u0119cenia r\u00f3\u017c, kt\u00f3re mo\u017cemy zakupi\u0107 przed nabo\u017ce\u0144stwem.<br \/>\n4.\tJeszcze dzisiaj odb\u0119d\u0105 si\u0119 nast\u0119puj\u0105ce spotkania \u2013 katechezy:<br \/>\n&#8211; o godz. 10.25 dla dzieci klas III szko\u0142y podstawowej przed I Komuni\u0105 \u015bwi\u0119t\u0105<br \/>\n&#8211; o godz. 16.30 dla m\u0142odzie\u017cy przed sakramentem bierzmowania, grupa z zesz\u0142ego roku<br \/>\n&#8211; o godz. 19.00 dla narzeczonych w ramach kursu przedma\u0142\u017ce\u0144skiego<br \/>\n5.\tW czwartek w godz. 17.00-18.00 w budynku Centrum Wsparcia Fizycznego b\u0119dzie mo\u017cna skorzysta\u0107 z darmowych konsultacji logopedy szkolnego.<br \/>\n6.\tW pi\u0105tek o godz. 18.00 zostanie odprawiona Msza \u015bwi\u0119ta wypominkowa za naszych bliskich zmar\u0142ych. W zwi\u0105zku z tym nabo\u017ce\u0144stwo r\u00f3\u017ca\u0144cowe tego dnia b\u0119dzie sprawowane  o godz. 17.30.<br \/>\n7.\tW sobot\u0119, w \u015bwi\u0119to  \u015bwi\u0119tych Aposto\u0142\u00f3w Szymona i Judy Tadeusza, o godz. 11.00  grupa 56 os\u00f3b przyst\u0105pi do sakramentu bierzmowania. Sakrament dojrza\u0142o\u015bci chrze\u015bcija\u0144skiej m\u0142odzie\u017cy udzieli Ks. Biskup Rafa\u0142 Markowski \u2013 biskup pomocniczy Archidiecezji Warszawskiej.<br \/>\n8.\tR\u00f3wnie\u017c w sobot\u0119 o godz. 19.00 w salce pod zakrysti\u0105 odb\u0119dzie si\u0119 katecheza na temat gest\u00f3w i postaw w czasie liturgii, o ich symbolice i przes\u0142aniu dla wierz\u0105cych. Zapraszamy wszystkich ch\u0119tnych  a zw\u0142aszcza Ko\u0142a R\u00f3\u017ca\u0144cowe.<br \/>\n9.\tW ubieg\u0142\u0105 sobot\u0119  4 naszych ministrant\u00f3w (Stanis\u0142aw Czech, Kamil Majewski, Tymoteusz Mazur i Filip \u015al\u0119zak) przyj\u0119\u0142o pos\u0142ug\u0119 lektora. \u017byczymy im, aby czytaj\u0105c s\u0142owo Bo\u017ce z moc\u0105 g\u0142osili Bo\u017c\u0105 mi\u0142o\u015b\u0107 .<br \/>\n10.\tWczoraj, w sobot\u0119, w O\u015brodku Caritas w Popowie schola, ministranci, lektorzy i bielanki uczestniczyli wraz z rodzicami w wyje\u017adzie integracyjno \u2013 formacyjnym. By\u0142o wiele rado\u015bci: gry, zabawy ale i wiele modlitwy, w tym Msza \u015bwi\u0119ta. Na koniec wsp\u00f3lna agapa \u2013 grill z kie\u0142baskami, kaszank\u0105 oraz s\u0142odko\u015bci. Dzi\u0119kujemy opiekunom: p. Anicie Rodak, ks. Markowi i rodzicom za opiek\u0119 i trud przygotowania wyjazdu.<br \/>\n11.\tW sobot\u0119,28 pa\u017adziernika, po Mszy \u015bwi\u0119tej o godz. 18.00 b\u0119dziemy si\u0119 modli\u0107 nabo\u017ce\u0144stwem do b\u0142. Kardyna\u0142a Stefana Wyszy\u0144skiego, patrona naszego miasta, tak jak czynimy to ka\u017cdego 28 dnia miesi\u0105ca.<br \/>\n12.\tW przysz\u0142\u0105 niedziel\u0119 obchodzi\u0107 b\u0119dziemy uroczysto\u015b\u0107 Rocznicy po\u015bwi\u0119cenia w\u0142asnego Ko\u015bcio\u0142a. B\u0119dziemy wspomina\u0107 dzie\u0144, kiedy mury naszej \u015bwi\u0105tyni, zosta\u0142y namaszczone \u015bwi\u0119tym olejem. Tego dnia wsp\u00f3lnota Odnowa w Duchu \u015awi\u0119tym, po wieczornej Mszy \u015bwi\u0119tej o godz. 18.00, zaprasza nas na wiecz\u00f3r uwielbienia. Przez pie\u015bni i teksty Pisma \u015bwi\u0119tego, b\u0119dziemy zbli\u017ca\u0107 si\u0119 do Pana Boga utajonego w Naj\u015bwi\u0119tszym Sakramencie.<br \/>\n13.     Przyjmujemy na wypominki roczne, oktawalne i jednorazowe. Kartki wypominkowe s\u0105 wy\u0142o\u017cone na stolikach za \u0142awkami.<\/p>\n","protected":false},"excerpt":{"rendered":"<p>1. W dniu dzisiejszym obchodzimy kolejn\u0105 Niedziel\u0119 Misyjn\u0105 rozpoczynaj\u0105c tydzie\u0144 modlitw w intencji misjonarzy i ca\u0142ego dzie\u0142a misyjnego. Przez dzisiejsze ofiary chcemy wesprze\u0107 trudn\u0105 i bardzo niebezpieczn\u0105 prac\u0119 misjonarzy. 2. R\u00f3wnie\u017c dzisiaj w ca\u0142ej Polsce dokonuje si\u0119 liczenie wiernych uczestnicz\u0105cych we Mszach \u015bwi\u0119tych, jak i przyst\u0119puj\u0105cych do Komunii \u015bwi\u0119tej. Wychodz\u0105c z ko\u015bcio\u0142a prosimy o wolniejsze [&hellip;]<\/p>\n","protected":false},"author":1,"featured_media":30657,"comment_status":"closed","ping_status":"closed","sticky":false,"template":"","format":"standard","meta":{"footnotes":""},"categories":[2,14],"tags":[],"class_list":["post-21039","post","type-post","status-publish","format-standard","has-post-thumbnail","hentry","category-aktualnosci","category-ogloszenia-parafialne"],"_links":{"self":[{"href":"https:\/\/mbfatimska.ovh\/index.php\/wp-json\/wp\/v2\/posts\/21039","targetHints":{"allow":["GET"]}}],"collection":[{"href":"https:\/\/mbfatimska.ovh\/index.php\/wp-json\/wp\/v2\/posts"}],"about":[{"href":"https:\/\/mbfatimska.ovh\/index.php\/wp-json\/wp\/v2\/types\/post"}],"author":[{"embeddable":true,"href":"https:\/\/mbfatimska.ovh\/index.php\/wp-json\/wp\/v2\/users\/1"}],"replies":[{"embeddable":true,"href":"https:\/\/mbfatimska.ovh\/index.php\/wp-json\/wp\/v2\/comments?post=21039"}],"version-history":[{"count":0,"href":"https:\/\/mbfatimska.ovh\/index.php\/wp-json\/wp\/v2\/posts\/21039\/revisions"}],"wp:featuredmedia":[{"embeddable":true,"href":"https:\/\/mbfatimska.ovh\/index.php\/wp-json\/wp\/v2\/media\/30657"}],"wp:attachment":[{"href":"https:\/\/mbfatimska.ovh\/index.php\/wp-json\/wp\/v2\/media?parent=21039"}],"wp:term":[{"taxonomy":"category","embeddable":true,"href":"https:\/\/mbfatimska.ovh\/index.php\/wp-json\/wp\/v2\/categories?post=21039"},{"taxonomy":"post_tag","embeddable":true,"href":"https:\/\/mbfatimska.ovh\/index.php\/wp-json\/wp\/v2\/tags?post=21039"}],"curies":[{"name":"wp","href":"https:\/\/api.w.org\/{rel}","templated":true}]}}