{"id":21076,"date":"2023-10-27T13:42:37","date_gmt":"2023-10-27T11:42:37","guid":{"rendered":"https:\/\/www.mbfatimska.pl\/?p=21076"},"modified":"2023-10-27T13:42:37","modified_gmt":"2023-10-27T11:42:37","slug":"modlitwa-rozancowa-dzieci-2023-2","status":"publish","type":"post","link":"https:\/\/mbfatimska.ovh\/index.php\/2023\/10\/27\/modlitwa-rozancowa-dzieci-2023-2\/","title":{"rendered":"Modlitwa R\u00f3\u017ca\u0144cowa Dzieci 2023"},"content":{"rendered":"<p>Miesi\u0105c pa\u017adziernik to czas wielbienia Matki Bo\u017cej modlitw\u0105 R\u00f3\u017ca\u0144cow\u0105. Tradycj\u0105 naszej parafii jest, \u017ce dzieci maj\u0105 swoje nabo\u017ce\u0144stwo r\u00f3\u017ca\u0144cowe. W poniedzia\u0142ki i \u015brody i pi\u0105tki o godzinie 16:30 gromadzi si\u0119 w ko\u015bciele na swoje spotkania z Maryj\u0105 na modlitwie. W tym roku prawie 60 dzieci z rodzicami i opiekunami gromadzi si\u0119 na wsp\u00f3lnym r\u00f3\u017ca\u0144cu. Modlitwa jest radosna. Razem nie tylko odmawiamy r\u00f3\u017caniec , ale \u015bpiewamy i uczestniczymy w konkursach. Ka\u017cde dziecko przez mikrofon zanosi swoj\u0105 modlitw\u0119 do matki Bo\u017cej. Na koniec ka\u017cdego nabo\u017ce\u0144stwa zadawane s\u0105 dwa pytania, kt\u00f3rych rozwi\u0105zanie trzeba przynie\u015b\u0107 na nast\u0119pne spotkanie podczas kt\u00f3rego zostan\u0105 wylosowane osoby i kt\u00f3re zostan\u0105 nagrodzone nagrodami (gry rodzinne, komiksy religijne, zestawy pi\u015bmienne czy puzzle). W tygodniu misyjnym dzieci otrzyma\u0142y r\u00f3\u017cnokolorowe r\u00f3\u017ca\u0144ce zrobione z nakr\u0119tek. Cieszymy si\u0119, \u017ce spora grupa dzieci odpowiedzia\u0142a na zaproszenie na modlitw\u0119 r\u00f3\u017ca\u0144cow\u0105 w wi\u0119kszo\u015bci to dzieci przygotowuj\u0105ce si\u0119 do I Komunii \u015awi\u0119tej.<\/p>\n<p><a href=\"https:\/\/www.mbfatimska.pl\/modlitwa-rozancowa-dzieci-2023\/\" target=\"_blank\" rel=\"noopener\">Galeria zdj\u0119\u0107<\/a><\/p>\n","protected":false},"excerpt":{"rendered":"<p>Miesi\u0105c pa\u017adziernik to czas wielbienia Matki Bo\u017cej modlitw\u0105 R\u00f3\u017ca\u0144cow\u0105. Tradycj\u0105 naszej parafii jest, \u017ce dzieci maj\u0105 swoje nabo\u017ce\u0144stwo r\u00f3\u017ca\u0144cowe. W poniedzia\u0142ki i \u015brody i pi\u0105tki o godzinie 16:30 gromadzi si\u0119 w ko\u015bciele na swoje spotkania z Maryj\u0105 na modlitwie. W tym roku prawie 60 dzieci z rodzicami i opiekunami gromadzi si\u0119 na wsp\u00f3lnym r\u00f3\u017ca\u0144cu. Modlitwa [&hellip;]<\/p>\n","protected":false},"author":1,"featured_media":21069,"comment_status":"closed","ping_status":"closed","sticky":false,"template":"","format":"standard","meta":{"footnotes":""},"categories":[2],"tags":[],"class_list":["post-21076","post","type-post","status-publish","format-standard","has-post-thumbnail","hentry","category-aktualnosci"],"_links":{"self":[{"href":"https:\/\/mbfatimska.ovh\/index.php\/wp-json\/wp\/v2\/posts\/21076","targetHints":{"allow":["GET"]}}],"collection":[{"href":"https:\/\/mbfatimska.ovh\/index.php\/wp-json\/wp\/v2\/posts"}],"about":[{"href":"https:\/\/mbfatimska.ovh\/index.php\/wp-json\/wp\/v2\/types\/post"}],"author":[{"embeddable":true,"href":"https:\/\/mbfatimska.ovh\/index.php\/wp-json\/wp\/v2\/users\/1"}],"replies":[{"embeddable":true,"href":"https:\/\/mbfatimska.ovh\/index.php\/wp-json\/wp\/v2\/comments?post=21076"}],"version-history":[{"count":0,"href":"https:\/\/mbfatimska.ovh\/index.php\/wp-json\/wp\/v2\/posts\/21076\/revisions"}],"wp:featuredmedia":[{"embeddable":true,"href":"https:\/\/mbfatimska.ovh\/index.php\/wp-json\/wp\/v2\/media\/21069"}],"wp:attachment":[{"href":"https:\/\/mbfatimska.ovh\/index.php\/wp-json\/wp\/v2\/media?parent=21076"}],"wp:term":[{"taxonomy":"category","embeddable":true,"href":"https:\/\/mbfatimska.ovh\/index.php\/wp-json\/wp\/v2\/categories?post=21076"},{"taxonomy":"post_tag","embeddable":true,"href":"https:\/\/mbfatimska.ovh\/index.php\/wp-json\/wp\/v2\/tags?post=21076"}],"curies":[{"name":"wp","href":"https:\/\/api.w.org\/{rel}","templated":true}]}}