{"id":21078,"date":"2023-10-27T13:45:16","date_gmt":"2023-10-27T11:45:16","guid":{"rendered":"https:\/\/www.mbfatimska.pl\/?p=21078"},"modified":"2023-10-27T13:45:16","modified_gmt":"2023-10-27T11:45:16","slug":"zaproszenie-z-palacu-prezydenckiego","status":"publish","type":"post","link":"https:\/\/mbfatimska.ovh\/index.php\/2023\/10\/27\/zaproszenie-z-palacu-prezydenckiego\/","title":{"rendered":"Zaproszenie z Pa\u0142acu Prezydenckiego"},"content":{"rendered":"<p>Nasze Legionowskie Stowarzyszenie AMICUS zosta\u0142o nominowane do konkursu &#8222;Razem dla Senior\u00f3w&#8221; pod honorowym patronatem Ma\u0142\u017conki Prezydenta R.P. Agaty Kornhauser Dudy. Gala fina\u0142owa odb\u0119dzie si\u0119 7 listopada 2023r. w Pa\u0142acu Prezydenckim w Sali Kolumnowej o godzinie 12:00 gdzie zostali\u015bmy zaproszeni.<\/p>\n<p><img fetchpriority=\"high\" decoding=\"async\" class=\"alignnone size-full wp-image-21079\" src=\"http:\/\/www.mbfatimska.pl\/wp-content\/uploads\/2023\/10\/kwiat-Pauliny-085.jpg\" alt=\"\" width=\"978\" height=\"745\" srcset=\"https:\/\/mbfatimska.ovh\/wp-content\/uploads\/2023\/10\/kwiat-Pauliny-085.jpg 978w, https:\/\/mbfatimska.ovh\/wp-content\/uploads\/2023\/10\/kwiat-Pauliny-085-300x229.jpg 300w, https:\/\/mbfatimska.ovh\/wp-content\/uploads\/2023\/10\/kwiat-Pauliny-085-768x585.jpg 768w\" sizes=\"(max-width: 978px) 100vw, 978px\" \/><\/p>\n","protected":false},"excerpt":{"rendered":"<p>Nasze Legionowskie Stowarzyszenie AMICUS zosta\u0142o nominowane do konkursu &#8222;Razem dla Senior\u00f3w&#8221; pod honorowym patronatem Ma\u0142\u017conki Prezydenta R.P. Agaty Kornhauser Dudy. Gala fina\u0142owa odb\u0119dzie si\u0119 7 listopada 2023r. w Pa\u0142acu Prezydenckim w Sali Kolumnowej o godzinie 12:00 gdzie zostali\u015bmy zaproszeni.<\/p>\n","protected":false},"author":1,"featured_media":21079,"comment_status":"closed","ping_status":"closed","sticky":false,"template":"","format":"standard","meta":{"footnotes":""},"categories":[2],"tags":[],"class_list":["post-21078","post","type-post","status-publish","format-standard","has-post-thumbnail","hentry","category-aktualnosci"],"_links":{"self":[{"href":"https:\/\/mbfatimska.ovh\/index.php\/wp-json\/wp\/v2\/posts\/21078","targetHints":{"allow":["GET"]}}],"collection":[{"href":"https:\/\/mbfatimska.ovh\/index.php\/wp-json\/wp\/v2\/posts"}],"about":[{"href":"https:\/\/mbfatimska.ovh\/index.php\/wp-json\/wp\/v2\/types\/post"}],"author":[{"embeddable":true,"href":"https:\/\/mbfatimska.ovh\/index.php\/wp-json\/wp\/v2\/users\/1"}],"replies":[{"embeddable":true,"href":"https:\/\/mbfatimska.ovh\/index.php\/wp-json\/wp\/v2\/comments?post=21078"}],"version-history":[{"count":0,"href":"https:\/\/mbfatimska.ovh\/index.php\/wp-json\/wp\/v2\/posts\/21078\/revisions"}],"wp:featuredmedia":[{"embeddable":true,"href":"https:\/\/mbfatimska.ovh\/index.php\/wp-json\/wp\/v2\/media\/21079"}],"wp:attachment":[{"href":"https:\/\/mbfatimska.ovh\/index.php\/wp-json\/wp\/v2\/media?parent=21078"}],"wp:term":[{"taxonomy":"category","embeddable":true,"href":"https:\/\/mbfatimska.ovh\/index.php\/wp-json\/wp\/v2\/categories?post=21078"},{"taxonomy":"post_tag","embeddable":true,"href":"https:\/\/mbfatimska.ovh\/index.php\/wp-json\/wp\/v2\/tags?post=21078"}],"curies":[{"name":"wp","href":"https:\/\/api.w.org\/{rel}","templated":true}]}}