{"id":21081,"date":"2023-10-27T13:52:42","date_gmt":"2023-10-27T11:52:42","guid":{"rendered":"https:\/\/www.mbfatimska.pl\/?p=21081"},"modified":"2023-10-27T13:52:42","modified_gmt":"2023-10-27T11:52:42","slug":"pamietamy-o-pedagogach","status":"publish","type":"post","link":"https:\/\/mbfatimska.ovh\/index.php\/2023\/10\/27\/pamietamy-o-pedagogach\/","title":{"rendered":"Pami\u0119tamy o pedagogach"},"content":{"rendered":"<p>W pa\u017adzierniku tak, jak co roku pami\u0119tali\u015bmy o nauczycielach &#8211; wychowawcach, kt\u00f3rzy pracuj\u0105 nad ukszta\u0142towaniem intelektualnym i osobowo\u015bciowym dzieci. Nasze Stowarzyszenie praktyk\u0105 lat ubieg\u0142ych nagrodzi\u0142o nagrodami pieni\u0119\u017cnymi 3 pedagog\u00f3w (dwoje ze S.P.8 w Legionowie i jeden nauczyciel ze szko\u0142y w B\u0142\u0119dostowie) za szczeg\u00f3lne osi\u0105gni\u0119cia pedagogiczne i prac\u0119 spo\u0142eczn\u0105 na rzecz dzieci i m\u0142odzie\u017cy. \u017byczymy nagrodzonym jak i innym nauczycielom wytrwa\u0142o\u015bci w pracy pedagogicznej i ci\u0105g\u0142ego otwierania si\u0119 na niesienie dobra w pracy nad kszta\u0142tem m\u0142odego pokolenia.<\/p>\n<p><img fetchpriority=\"high\" decoding=\"async\" class=\"alignnone size-full wp-image-21083\" src=\"http:\/\/www.mbfatimska.pl\/wp-content\/uploads\/2023\/10\/Nagroda-p.-Monika-Nalecz-scaled.jpg\" alt=\"\" width=\"1630\" height=\"2560\" \/> <img decoding=\"async\" class=\"alignnone size-full wp-image-21084\" src=\"http:\/\/www.mbfatimska.pl\/wp-content\/uploads\/2023\/10\/Nagroda-p.-S.P.-Bledostowo-scaled.jpg\" alt=\"\" width=\"1862\" height=\"2560\" \/><\/p>\n","protected":false},"excerpt":{"rendered":"<p>W pa\u017adzierniku tak, jak co roku pami\u0119tali\u015bmy o nauczycielach &#8211; wychowawcach, kt\u00f3rzy pracuj\u0105 nad ukszta\u0142towaniem intelektualnym i osobowo\u015bciowym dzieci. Nasze Stowarzyszenie praktyk\u0105 lat ubieg\u0142ych nagrodzi\u0142o nagrodami pieni\u0119\u017cnymi 3 pedagog\u00f3w (dwoje ze S.P.8 w Legionowie i jeden nauczyciel ze szko\u0142y w B\u0142\u0119dostowie) za szczeg\u00f3lne osi\u0105gni\u0119cia pedagogiczne i prac\u0119 spo\u0142eczn\u0105 na rzecz dzieci i m\u0142odzie\u017cy. \u017byczymy nagrodzonym [&hellip;]<\/p>\n","protected":false},"author":1,"featured_media":21084,"comment_status":"closed","ping_status":"closed","sticky":false,"template":"","format":"standard","meta":{"footnotes":""},"categories":[2],"tags":[],"class_list":["post-21081","post","type-post","status-publish","format-standard","has-post-thumbnail","hentry","category-aktualnosci"],"_links":{"self":[{"href":"https:\/\/mbfatimska.ovh\/index.php\/wp-json\/wp\/v2\/posts\/21081","targetHints":{"allow":["GET"]}}],"collection":[{"href":"https:\/\/mbfatimska.ovh\/index.php\/wp-json\/wp\/v2\/posts"}],"about":[{"href":"https:\/\/mbfatimska.ovh\/index.php\/wp-json\/wp\/v2\/types\/post"}],"author":[{"embeddable":true,"href":"https:\/\/mbfatimska.ovh\/index.php\/wp-json\/wp\/v2\/users\/1"}],"replies":[{"embeddable":true,"href":"https:\/\/mbfatimska.ovh\/index.php\/wp-json\/wp\/v2\/comments?post=21081"}],"version-history":[{"count":0,"href":"https:\/\/mbfatimska.ovh\/index.php\/wp-json\/wp\/v2\/posts\/21081\/revisions"}],"wp:featuredmedia":[{"embeddable":true,"href":"https:\/\/mbfatimska.ovh\/index.php\/wp-json\/wp\/v2\/media\/21084"}],"wp:attachment":[{"href":"https:\/\/mbfatimska.ovh\/index.php\/wp-json\/wp\/v2\/media?parent=21081"}],"wp:term":[{"taxonomy":"category","embeddable":true,"href":"https:\/\/mbfatimska.ovh\/index.php\/wp-json\/wp\/v2\/categories?post=21081"},{"taxonomy":"post_tag","embeddable":true,"href":"https:\/\/mbfatimska.ovh\/index.php\/wp-json\/wp\/v2\/tags?post=21081"}],"curies":[{"name":"wp","href":"https:\/\/api.w.org\/{rel}","templated":true}]}}