{"id":21086,"date":"2023-10-29T01:52:10","date_gmt":"2023-10-28T23:52:10","guid":{"rendered":"https:\/\/www.mbfatimska.pl\/?p=21086"},"modified":"2023-10-29T01:52:10","modified_gmt":"2023-10-28T23:52:10","slug":"xxx-niedziela-zwykla-uroczystosc-poswiecenia-kosciola","status":"publish","type":"post","link":"https:\/\/mbfatimska.ovh\/index.php\/2023\/10\/29\/xxx-niedziela-zwykla-uroczystosc-poswiecenia-kosciola\/","title":{"rendered":"XXX niedziela zwyk\u0142a \u2013 uroczysto\u015b\u0107 po\u015bwi\u0119cenia ko\u015bcio\u0142a"},"content":{"rendered":"<p>1.\tW dniu wczorajszym 55 os\u00f3b \u2013 m\u0142odych ludzi przyst\u0105pi\u0142o do sakramentu bierzmowania, kt\u00f3ry zosta\u0142 im udzielony przez Ks. biskupa Rafa\u0142a Markowskiego \u2013 biskupa pomocniczego Archidiecezji Warszawskiej. Dzi\u0119kujemy m\u0142odzie\u017cy za wzorow\u0105, pe\u0142n\u0105 rozmodlenia postaw\u0119, \u017cycz\u0105c im jednocze\u015bnie, aby byli \u015bwiadkami Chrystusa w swoim \u015brodowisku.<br \/>\n2.\tDzisiaj obchodzimy uroczysto\u015b\u0107 upami\u0119tniaj\u0105c\u0105 po\u015bwi\u0119cenie ko\u015bcio\u0142a. Nasz \u015bwi\u0105tynia zosta\u0142a konsekrowana w 2016 roku. Dzi\u0119kujemy dzisiaj za tych, kt\u00f3rzy przyczynili si\u0119 do wybudowania ko\u015bcio\u0142a oraz za tych, kt\u00f3rzy dzisiaj troszcz\u0105 si\u0119 o jego utrzymanie materialne i duchowe. Wsp\u00f3lnota Odnowa w Duchu \u015awi\u0119tym zaprasza dzisiaj po wieczornej Mszy \u015bwi\u0119tej na wiecz\u00f3r uwielbienia. Przez \u015bpiew i teksty Pisma \u015bwi\u0119tego b\u0119dziemy uwielbia\u0107 Chrystusa eucharystycznego.<br \/>\n3.\tW \u015brod\u0119 obchodzimy uroczysto\u015b\u0107 Wszystkich \u015awi\u0119tych. W naszym ko\u015bciele Msze \u015bwi\u0119te b\u0119d\u0105 odprawione o godz. 7.30, 9.00, 11.00, 12.30  &#8211; Msza \u015bwi\u0119ta cicha o charakterze medytacyjnym i wieczorem o godz. 18.00. Na cmentarzu Msza \u015bwi\u0119ta b\u0119dzie sprawowana  o godz. 12.30 i bezpo\u015brednio po niej wyruszy procesja. O godz. 17.15 w ko\u015bciele b\u0119dzie sprawowane nabo\u017ce\u0144stwo za naszych bliskich zmar\u0142ych poleconych w wypominkach jednorazowych.<br \/>\n4.\tOd 1 do 8 listopada o godz. 18.00 b\u0119dzie odprawiona Msza \u015bwi\u0119ta za zmar\u0142ych poleconych w wypominkach oktawalnych.<br \/>\n5.\tW czwartek, 2 listopada, Dzie\u0144 Zaduszny \u2013 b\u0119dziemy tego dnia oddawa\u0107 cze\u015b\u0107 wszystkim wiernym zmar\u0142ym. Msze \u015bwi\u0119te tego dnia b\u0119d\u0105 odprawione o godz. 9.00, 17.00 i 18.00. O godz. 17.30 zostanie odprawione nabo\u017ce\u0144stwo  w intencji zmar\u0142ych poleconych w wypominkach jednorazowych.<br \/>\n6.\tPrzez oktaw\u0119 uroczysto\u015bci Wszystkich \u015awi\u0119tych mo\u017cemy ka\u017cdego dnia zyska\u0107 odpust zupe\u0142ny i ofiarowa\u0107 w intencji jednej osoby zmar\u0142ej. Jakie nale\u017cy spe\u0142ni\u0107 warunki?<br \/>\n&#8211; stan \u0142aski u\u015bwi\u0119caj\u0105cej<br \/>\n&#8211; modlitwa za zmar\u0142ych<br \/>\n&#8211; brak przywi\u0105zania do grzechu<br \/>\n&#8211; modlitwa w intencjach Ojca \u015awi\u0119tego<br \/>\n&#8211; pobo\u017cne nawiedzenie cmentarza, ko\u015bcio\u0142a lub kaplicy<br \/>\n7.\tW tym tygodniu przypada:<br \/>\n&#8211; I czwartek miesi\u0105ca \u2013 po Mszy \u015bwi\u0119tej o godz. 18.00 wystawienie Naj\u015bwi\u0119tszego Sakramentu, modlitwa koronk\u0105 do Bo\u017cego Mi\u0142osierdzia i adoracja do godz. 21.00<br \/>\n&#8211; I pi\u0105tek miesi\u0105ca \u2013 spowied\u017a od godz. 16.30 do godz. 18.30<br \/>\n&#8211; I sobota miesi\u0105ca \u2013 po Mszy \u015bwi\u0119tej o godz. 18.00 nabo\u017ce\u0144stwo wynagradzaj\u0105ce Niepokalanemu Sercu Naj\u015bwi\u0119tszej Maryi Panny z mo\u017cliwo\u015bci\u0105 adoracji Naj\u015bwi\u0119tszego Sakramentu do godz. 20.00<br \/>\n&#8211; I niedziela miesi\u0105ca \u2013 po Mszy \u015bwi\u0119tej o godz. 12.30 wystawienie Naj\u015bwi\u0119tszego Sakramentu i adoracja do godz. 17.45<br \/>\n8.\tW pi\u0105tek o godz. 19.00 w salce pod zakrysti\u0105 odb\u0119dzie si\u0119 kolejna katecheza przedchrzcielna, w kt\u00f3rej bior\u0105 udzia\u0142 rodzice dzieci, kt\u00f3re b\u0119d\u0105 ochrzczone oraz kandydaci na rodzic\u00f3w chrzestnych i chrzestni niezale\u017cnie czy chrzest b\u0119dzie w naszej parafii czy b\u0119dzie wydana zgoda na chrzest do innej parafii.<br \/>\n9.\tW przysz\u0142\u0105 niedziel\u0119 odb\u0119d\u0105 si\u0119 nast\u0119puj\u0105ce spotkania \u2013 katechezy:<br \/>\n&#8211; o godz. 17.00 dla m\u0142odzie\u017cy przed sakramentem bierzmowania<br \/>\n&#8211; o godz. 19.00 dla narzeczonych w ramach kursu przedma\u0142\u017ce\u0144skiego<br \/>\n10.\tDzi\u0119kujemy za pi\u0105tkowe i sobotnie prace porz\u0105dkowe na naszym terenie ko\u015bcielnym. Dzi\u0119kujemy za grabienie, zamiatanie i ostatnie w tym roku koszenie trawy. Dzi\u0119kujemy tym osobom, kt\u00f3rym na sercu le\u017cy dobro i estetyka naszego terenu przyko\u015bcielnego.<br \/>\n11.\tW ubieg\u0142\u0105 niedziel\u0119 odbywa\u0142o si\u0119 liczenie wiernych w Ko\u015bciele w ca\u0142ej Polsce. R\u00f3wnie\u017c w naszej parafii dokonali\u015bmy liczenie. W niedziel\u0119 na Mszach \u015bwi\u0119tych by\u0142o w sumie 1445 os\u00f3b, a Komuni\u0119 \u015bwi\u0119t\u0105 przyj\u0119\u0142o 642 osoby. Obecnie parafia liczy 5252 osoby. We Mszach \u015bwi\u0119tych uczestniczy 27,51 % wiernych, czyli co czwarty parafianin.<br \/>\n12.      Urz\u0105d Miasta Legionowo informuje, \u017ce w 1 listopada br. w godz. 8.00 \u2013 21.00 b\u0119dzie je\u017adzi\u0142 bezp\u0142atny autobus do cmentarza parafialnego. Autobus b\u0119dzie kursowa\u0107 co 30 minut na trasie od stacji PKP Legionowo, ulic\u0105 Pi\u0142sudskiego, Krakowsk\u0105, przez tunel do Alei R\u00f3\u017c, Alei Legion\u00f3w  i do randa przy ulicy Cynkowej. Autobus zatrzymywa\u0107 si\u0119 b\u0119dzie na wszystkich przystankach znajduj\u0105cych si\u0119 na w\/w trasie zgodnie z rozk\u0142adem jazdy umieszczonym na stronie www.legionowo.pl.<\/p>\n","protected":false},"excerpt":{"rendered":"<p>1. W dniu wczorajszym 55 os\u00f3b \u2013 m\u0142odych ludzi przyst\u0105pi\u0142o do sakramentu bierzmowania, kt\u00f3ry zosta\u0142 im udzielony przez Ks. biskupa Rafa\u0142a Markowskiego \u2013 biskupa pomocniczego Archidiecezji Warszawskiej. Dzi\u0119kujemy m\u0142odzie\u017cy za wzorow\u0105, pe\u0142n\u0105 rozmodlenia postaw\u0119, \u017cycz\u0105c im jednocze\u015bnie, aby byli \u015bwiadkami Chrystusa w swoim \u015brodowisku. 2. Dzisiaj obchodzimy uroczysto\u015b\u0107 upami\u0119tniaj\u0105c\u0105 po\u015bwi\u0119cenie ko\u015bcio\u0142a. Nasz \u015bwi\u0105tynia zosta\u0142a konsekrowana [&hellip;]<\/p>\n","protected":false},"author":1,"featured_media":30657,"comment_status":"closed","ping_status":"closed","sticky":false,"template":"","format":"standard","meta":{"footnotes":""},"categories":[2,14],"tags":[],"class_list":["post-21086","post","type-post","status-publish","format-standard","has-post-thumbnail","hentry","category-aktualnosci","category-ogloszenia-parafialne"],"_links":{"self":[{"href":"https:\/\/mbfatimska.ovh\/index.php\/wp-json\/wp\/v2\/posts\/21086","targetHints":{"allow":["GET"]}}],"collection":[{"href":"https:\/\/mbfatimska.ovh\/index.php\/wp-json\/wp\/v2\/posts"}],"about":[{"href":"https:\/\/mbfatimska.ovh\/index.php\/wp-json\/wp\/v2\/types\/post"}],"author":[{"embeddable":true,"href":"https:\/\/mbfatimska.ovh\/index.php\/wp-json\/wp\/v2\/users\/1"}],"replies":[{"embeddable":true,"href":"https:\/\/mbfatimska.ovh\/index.php\/wp-json\/wp\/v2\/comments?post=21086"}],"version-history":[{"count":0,"href":"https:\/\/mbfatimska.ovh\/index.php\/wp-json\/wp\/v2\/posts\/21086\/revisions"}],"wp:featuredmedia":[{"embeddable":true,"href":"https:\/\/mbfatimska.ovh\/index.php\/wp-json\/wp\/v2\/media\/30657"}],"wp:attachment":[{"href":"https:\/\/mbfatimska.ovh\/index.php\/wp-json\/wp\/v2\/media?parent=21086"}],"wp:term":[{"taxonomy":"category","embeddable":true,"href":"https:\/\/mbfatimska.ovh\/index.php\/wp-json\/wp\/v2\/categories?post=21086"},{"taxonomy":"post_tag","embeddable":true,"href":"https:\/\/mbfatimska.ovh\/index.php\/wp-json\/wp\/v2\/tags?post=21086"}],"curies":[{"name":"wp","href":"https:\/\/api.w.org\/{rel}","templated":true}]}}