{"id":21090,"date":"2023-11-05T08:45:40","date_gmt":"2023-11-05T07:45:40","guid":{"rendered":"https:\/\/www.mbfatimska.pl\/?p=21090"},"modified":"2023-11-05T08:45:40","modified_gmt":"2023-11-05T07:45:40","slug":"xxxi-niedziela-zwykla-2","status":"publish","type":"post","link":"https:\/\/mbfatimska.ovh\/index.php\/2023\/11\/05\/xxxi-niedziela-zwykla-2\/","title":{"rendered":"XXXI niedziela zwyk\u0142a"},"content":{"rendered":"<p>1.\tTrwamy w oktawie Uroczysto\u015bci Wszystkich \u015awi\u0119tych. Do 8 listopada o godz. 18.00 odprawiana jest Msza \u015bwi\u0119ta wypominkowa za naszych bliskich zmar\u0142ych polecanych w wypominkach oktawalnych. Dzisiaj naszych zmar\u0142ych b\u0119dziemy poleca\u0107 Panu Bogu ju\u017c o godz. 17.50.<br \/>\n2.\tDzisiaj z racji I niedzieli miesi\u0105ca po Mszy \u015bwi\u0119tej o godz. 12.30 adoracja Naj\u015bwi\u0119tszego Sakramentu do godz. 17.45.<br \/>\n3.\tJeszcze dzisiaj o godz. 17.00 w salce pod zakrysti\u0105 odb\u0119dzie si\u0119 katecheza dla m\u0142odzie\u017cy przed sakramentem bierzmowania.<br \/>\n4.\tJutro w godz. 18.00-20.00 w budynku Centrum Wsparcia Fizycznego mo\u017cemy skorzysta\u0107 z darmowych konsultacji psychologa.<br \/>\n5.\tR\u00f3wnie\u017c jutro o godz. 19.00 w ko\u015bciele odb\u0119dzie si\u0119 spotkanie formacyjno-informacyjne dla rodzic\u00f3w dzieci komunijnych.<br \/>\n6.\tWe wtorek na godz. 16.30 zapraszamy dzieci, kt\u00f3re w pa\u017adzierniku uczestniczy\u0142y w modlitwie r\u00f3\u017ca\u0144cowej. Na spotkanie nale\u017cy przynie\u015b\u0107 indeks z naklejkami za r\u00f3\u017caniec. Dla najbardziej gorliwych s\u0105 przewidziane nagrody.<br \/>\n7.\tW sobot\u0119 11 listopada obchodzi\u0107 b\u0119dziemy 105 rocznic\u0119 odzyskania niepodleg\u0142o\u015bci przez Polsk\u0119. G\u0142\u00f3wne uroczysto\u015bci miejskie rozpoczn\u0105 si\u0119 w pi\u0105tek, 10 listopada, Msz\u0105 \u015bwi\u0119t\u0105 o godz. 18.00 w intencji Ojczyzny w ko\u015bciele garnizonowym. Po Mszy \u015bwi\u0119tej przemarsz pod pomnik marsza\u0142ka J\u00f3zefa Pi\u0142sudskiego i z\u0142o\u017cenie wie\u0144c\u00f3w. W sobot\u0119 pod pomnikiem o godz. 12.00 odb\u0119dzie si\u0119 wydarzenie Niepodleg\u0142a do hymnu i wsp\u00f3lne ta\u0144czenie poloneza, a o godz. 13.00 pod Aren\u0105 Legionowo Festiwal G\u0119siny. W naszym ko\u015bciele, 11 listopada, zapraszamy na Msze \u015bwi\u0119te o godz. 17.00 i 18.00.<br \/>\n8.\tW przysz\u0142\u0105 niedziel\u0119 odb\u0119dzie si\u0119 o godz. 10.25 katecheza dla dzieci klas III szko\u0142y podstawowej przed I Komuni\u0105 \u015bwi\u0119t\u0105.<br \/>\n9.\tSiostry Misjonarki \u015awi\u0119tej Rodziny zapraszaj\u0105 na kolejne spotkanie z cyklu: \u201eOto ca\u0142a ja\u201d w poniedzia\u0142ek 6 listopada o godz. 19.00 w domu zakonnym przy ul. Sowi\u0144skiego 17. Temat przewodni: \u201e B\u00f3g jako Stworzyciel\u201d. W planie konferencja o spojrzeniu Boga, medytacja i dzielenie si\u0119 S\u0142owem. Zaproszenie jest skierowane do dziewczyn i kobiet w wieku 14-30 lat. Szczeg\u00f3\u0142y na plakatach i mediach spo\u0142eczno\u015bciowych.<br \/>\n10.\tJeszcze dzisiaj o godz. 15.00 w Muzeum Historycznym na Piaskach odb\u0119dzie si\u0119 wyk\u0142ad dr Artura Bojarskiego pt.: \u201eStare Pow\u0105zki. Legionowskie \u015blady.\u201d<br \/>\n11.\tW naszej parafii od dawna mo\u017cna skorzysta\u0107 z zabieg\u00f3w rehabilitacyjnych m.in.: fali uderzeniowej, pola magnetycznego, masa\u017cu leczniczego, sali \u0107wicze\u0144 rehabilitacyjnych, lampy soluks, biopr\u0105d\u00f3w. Nie jest wymagane skierowanie od lekarza. Zabiegi udzielane s\u0105 od poniedzia\u0142ku do pi\u0105tku w godz. 15.30-18.00. Mo\u017cemy r\u00f3wnie\u017c skorzysta\u0107 z wypo\u017cyczalni sprz\u0119tu rehabilitacyjnego m.in.: z w\u00f3zk\u00f3w inwalidzkich, \u0142\u00f3\u017cek rehabilitacyjnych z elektryczn\u0105 regulacj\u0105, chodzik\u00f3w, koncentrator\u00f3w tlenu, kul, ssak\u00f3w i innego sprz\u0119tu. Wypo\u017cyczalnia jest czynna we wtorki w godz. 12.00-`14.00 i czwartki w godz. 14.00-16.00.<br \/>\n12.\tW tym tygodniu obchodzimy nast\u0119puj\u0105ce wspomnienia i \u015bwi\u0119ta:<br \/>\n&#8211; w czwartek \u015bwi\u0119to rocznicy po\u015bwi\u0119cenia Bazyliki Latera\u0144skiej<br \/>\n&#8211; w pi\u0105tek wspomnienie \u015bw. Leona Wielkiego papie\u017ca i doktora Ko\u015bcio\u0142a<br \/>\n&#8211; w sobot\u0119 wspomnienie \u015bw. Marcina z Tours biskupa<br \/>\n13.\tDzi\u0119kujemy za pi\u0105tkowe i sobotnie prace porz\u0105dkowe. Pracy by\u0142o wiele po ostatnich wiatrach i deszczach. Ze wzgl\u0119du na \u015bwi\u0119to w sobot\u0119, zapraszamy na czwartek i pi\u0105tek do porz\u0105dkowania terenu, zw\u0142aszcza grabienia li\u015bci i kolek, a jest wiele do zrobienia. Prosz\u0119 o potraktowanie mojej pro\u015bby ze zrozumieniem. Zaczynamy o godz. 8.00. Zapraszamy.<\/p>\n","protected":false},"excerpt":{"rendered":"<p>1. Trwamy w oktawie Uroczysto\u015bci Wszystkich \u015awi\u0119tych. Do 8 listopada o godz. 18.00 odprawiana jest Msza \u015bwi\u0119ta wypominkowa za naszych bliskich zmar\u0142ych polecanych w wypominkach oktawalnych. Dzisiaj naszych zmar\u0142ych b\u0119dziemy poleca\u0107 Panu Bogu ju\u017c o godz. 17.50. 2. Dzisiaj z racji I niedzieli miesi\u0105ca po Mszy \u015bwi\u0119tej o godz. 12.30 adoracja Naj\u015bwi\u0119tszego Sakramentu do godz. [&hellip;]<\/p>\n","protected":false},"author":1,"featured_media":30657,"comment_status":"closed","ping_status":"closed","sticky":false,"template":"","format":"standard","meta":{"footnotes":""},"categories":[2,14],"tags":[],"class_list":["post-21090","post","type-post","status-publish","format-standard","has-post-thumbnail","hentry","category-aktualnosci","category-ogloszenia-parafialne"],"_links":{"self":[{"href":"https:\/\/mbfatimska.ovh\/index.php\/wp-json\/wp\/v2\/posts\/21090","targetHints":{"allow":["GET"]}}],"collection":[{"href":"https:\/\/mbfatimska.ovh\/index.php\/wp-json\/wp\/v2\/posts"}],"about":[{"href":"https:\/\/mbfatimska.ovh\/index.php\/wp-json\/wp\/v2\/types\/post"}],"author":[{"embeddable":true,"href":"https:\/\/mbfatimska.ovh\/index.php\/wp-json\/wp\/v2\/users\/1"}],"replies":[{"embeddable":true,"href":"https:\/\/mbfatimska.ovh\/index.php\/wp-json\/wp\/v2\/comments?post=21090"}],"version-history":[{"count":0,"href":"https:\/\/mbfatimska.ovh\/index.php\/wp-json\/wp\/v2\/posts\/21090\/revisions"}],"wp:featuredmedia":[{"embeddable":true,"href":"https:\/\/mbfatimska.ovh\/index.php\/wp-json\/wp\/v2\/media\/30657"}],"wp:attachment":[{"href":"https:\/\/mbfatimska.ovh\/index.php\/wp-json\/wp\/v2\/media?parent=21090"}],"wp:term":[{"taxonomy":"category","embeddable":true,"href":"https:\/\/mbfatimska.ovh\/index.php\/wp-json\/wp\/v2\/categories?post=21090"},{"taxonomy":"post_tag","embeddable":true,"href":"https:\/\/mbfatimska.ovh\/index.php\/wp-json\/wp\/v2\/tags?post=21090"}],"curies":[{"name":"wp","href":"https:\/\/api.w.org\/{rel}","templated":true}]}}