{"id":21093,"date":"2023-11-08T13:36:51","date_gmt":"2023-11-08T12:36:51","guid":{"rendered":"https:\/\/www.mbfatimska.pl\/?p=21093"},"modified":"2023-11-08T13:36:51","modified_gmt":"2023-11-08T12:36:51","slug":"podsumowanie-nabozenstw-rozancowych-dla-dzieci","status":"publish","type":"post","link":"https:\/\/mbfatimska.ovh\/index.php\/2023\/11\/08\/podsumowanie-nabozenstw-rozancowych-dla-dzieci\/","title":{"rendered":"Podsumowanie nabo\u017ce\u0144stw r\u00f3\u017ca\u0144cowych dla dzieci"},"content":{"rendered":"<p>We wtorek 7 listopada o godzinie 16:30 w ko\u015bciele odby\u0142o si\u0119 podsumowanie nabo\u017ce\u0144stw r\u00f3\u017ca\u0144cowych dla dzieci. Przez ca\u0142y pa\u017adziernik prawie 60 osobowa grupa dzieci wraz z rodzicami czy innymi opiekunami uczestniczy\u0142a w modlitwie r\u00f3\u017ca\u0144cowej. Proboszcz parafii &#8211; ks. pra\u0142. Tomasz Chcia\u0142owski podzi\u0119kowa\u0142 dzieciom za ich trud, po\u015bwi\u0119cenie i rozmodlenie podkre\u015blaj\u0105c, \u017ce modlitwa ta b\u0119dzie owocowa\u0107 w ich \u017cyciu prosz\u0105c jednocze\u015bnie, aby dzieci codziennie odmawia\u0142y cho\u0107 dziesi\u0105tek r\u00f3\u017ca\u0144ca, kt\u00f3ry zajmuje nie d\u0142u\u017cszy czas ni\u017c 5 min., a mo\u017ce przynie\u015b\u0107 tyle dobra w ich \u017cyciu oraz ca\u0142ej rodziny. Ks. proboszcz podzi\u0119kowa\u0142 jednocze\u015bnie rodzicom i opiekunom dzieci, bo bez ich zaanga\u017cowania i po\u015bwi\u0119cenia pewnie dzieci same nie dotar\u0142y by do ko\u015bcio\u0142a. Na koniec dzieci zosta\u0142y nagrodzone pami\u0105tkowymi dyplomami, ksi\u0105\u017ck\u0105 &#8211; komiksem o \u015bw. Faustynie Kowalskiej oraz grami skierowanymi do najm\u0142odszych.Na koniec dzieci zosta\u0142y zaproszone na roraty, kt\u00f3re rozpoczn\u0105 si\u0119 w grudniu i zosta\u0142o im udzielone Bo\u017ce b\u0142ogos\u0142awie\u0144stwo.<\/p>\n<p><img fetchpriority=\"high\" decoding=\"async\" class=\"alignnone size-full wp-image-21095\" src=\"http:\/\/www.mbfatimska.pl\/wp-content\/uploads\/2023\/11\/IMG-20231108-WA0008.jpg\" alt=\"\" width=\"1600\" height=\"1200\" \/> <img decoding=\"async\" class=\"alignnone size-full wp-image-21096\" src=\"http:\/\/www.mbfatimska.pl\/wp-content\/uploads\/2023\/11\/IMG-20231108-WA0009.jpg\" alt=\"\" width=\"1200\" height=\"1600\" \/> <img decoding=\"async\" class=\"alignnone size-full wp-image-21097\" src=\"http:\/\/www.mbfatimska.pl\/wp-content\/uploads\/2023\/11\/IMG-20231108-WA0010.jpg\" alt=\"\" width=\"1200\" height=\"1600\" \/> <img loading=\"lazy\" decoding=\"async\" class=\"alignnone size-full wp-image-21098\" src=\"http:\/\/www.mbfatimska.pl\/wp-content\/uploads\/2023\/11\/IMG-20231108-WA0012.jpg\" alt=\"\" width=\"1200\" height=\"1600\" \/> <img loading=\"lazy\" decoding=\"async\" class=\"alignnone size-full wp-image-21099\" src=\"http:\/\/www.mbfatimska.pl\/wp-content\/uploads\/2023\/11\/IMG-20231108-WA0013.jpg\" alt=\"\" width=\"1200\" height=\"1600\" \/> <img loading=\"lazy\" decoding=\"async\" class=\"alignnone size-full wp-image-21100\" src=\"http:\/\/www.mbfatimska.pl\/wp-content\/uploads\/2023\/11\/IMG-20231108-WA0014.jpg\" alt=\"\" width=\"1200\" height=\"1600\" \/> <img loading=\"lazy\" decoding=\"async\" class=\"alignnone size-full wp-image-21101\" src=\"http:\/\/www.mbfatimska.pl\/wp-content\/uploads\/2023\/11\/IMG-20231108-WA0015.jpg\" alt=\"\" width=\"1600\" height=\"1200\" \/> <img loading=\"lazy\" decoding=\"async\" class=\"alignnone size-full wp-image-21102\" src=\"http:\/\/www.mbfatimska.pl\/wp-content\/uploads\/2023\/11\/3.jpg\" alt=\"\" width=\"798\" height=\"1099\" \/> <img loading=\"lazy\" decoding=\"async\" class=\"alignnone size-full wp-image-21103\" src=\"http:\/\/www.mbfatimska.pl\/wp-content\/uploads\/2023\/11\/4.jpg\" alt=\"\" width=\"1127\" height=\"739\" \/> <img loading=\"lazy\" decoding=\"async\" class=\"alignnone size-full wp-image-21104\" src=\"http:\/\/www.mbfatimska.pl\/wp-content\/uploads\/2023\/11\/5.jpg\" alt=\"\" width=\"299\" height=\"673\" \/><\/p>\n","protected":false},"excerpt":{"rendered":"<p>We wtorek 7 listopada o godzinie 16:30 w ko\u015bciele odby\u0142o si\u0119 podsumowanie nabo\u017ce\u0144stw r\u00f3\u017ca\u0144cowych dla dzieci. Przez ca\u0142y pa\u017adziernik prawie 60 osobowa grupa dzieci wraz z rodzicami czy innymi opiekunami uczestniczy\u0142a w modlitwie r\u00f3\u017ca\u0144cowej. Proboszcz parafii &#8211; ks. pra\u0142. Tomasz Chcia\u0142owski podzi\u0119kowa\u0142 dzieciom za ich trud, po\u015bwi\u0119cenie i rozmodlenie podkre\u015blaj\u0105c, \u017ce modlitwa ta b\u0119dzie owocowa\u0107 [&hellip;]<\/p>\n","protected":false},"author":1,"featured_media":21101,"comment_status":"closed","ping_status":"closed","sticky":false,"template":"","format":"standard","meta":{"footnotes":""},"categories":[2,3],"tags":[],"class_list":["post-21093","post","type-post","status-publish","format-standard","has-post-thumbnail","hentry","category-aktualnosci","category-bez-kategorii"],"_links":{"self":[{"href":"https:\/\/mbfatimska.ovh\/index.php\/wp-json\/wp\/v2\/posts\/21093","targetHints":{"allow":["GET"]}}],"collection":[{"href":"https:\/\/mbfatimska.ovh\/index.php\/wp-json\/wp\/v2\/posts"}],"about":[{"href":"https:\/\/mbfatimska.ovh\/index.php\/wp-json\/wp\/v2\/types\/post"}],"author":[{"embeddable":true,"href":"https:\/\/mbfatimska.ovh\/index.php\/wp-json\/wp\/v2\/users\/1"}],"replies":[{"embeddable":true,"href":"https:\/\/mbfatimska.ovh\/index.php\/wp-json\/wp\/v2\/comments?post=21093"}],"version-history":[{"count":0,"href":"https:\/\/mbfatimska.ovh\/index.php\/wp-json\/wp\/v2\/posts\/21093\/revisions"}],"wp:featuredmedia":[{"embeddable":true,"href":"https:\/\/mbfatimska.ovh\/index.php\/wp-json\/wp\/v2\/media\/21101"}],"wp:attachment":[{"href":"https:\/\/mbfatimska.ovh\/index.php\/wp-json\/wp\/v2\/media?parent=21093"}],"wp:term":[{"taxonomy":"category","embeddable":true,"href":"https:\/\/mbfatimska.ovh\/index.php\/wp-json\/wp\/v2\/categories?post=21093"},{"taxonomy":"post_tag","embeddable":true,"href":"https:\/\/mbfatimska.ovh\/index.php\/wp-json\/wp\/v2\/tags?post=21093"}],"curies":[{"name":"wp","href":"https:\/\/api.w.org\/{rel}","templated":true}]}}