{"id":21106,"date":"2023-11-08T13:42:28","date_gmt":"2023-11-08T12:42:28","guid":{"rendered":"https:\/\/www.mbfatimska.pl\/?p=21106"},"modified":"2023-11-08T13:42:28","modified_gmt":"2023-11-08T12:42:28","slug":"legionowskie-stowarzyszenie-amicus-nagrody","status":"publish","type":"post","link":"https:\/\/mbfatimska.ovh\/index.php\/2023\/11\/08\/legionowskie-stowarzyszenie-amicus-nagrody\/","title":{"rendered":"Legionowskie Stowarzyszenie AMICUS &#8211; nagrody"},"content":{"rendered":"<p>Legionowskie Stowarzyszenie AMICUS w ostatnim czasie zosta\u0142o zauwa\u017cone i nagrodzone presti\u017cowymi nagrodami. W czerwcu w czasie jubileuszu 15-lecia istnienia stowarzyszenia Marsza\u0142ek Wojew\u00f3dztwa Mazowieckiego Adam Struzik przyzna\u0142 stowarzyszeniu medal pami\u0105tkowy Pro Masovia za wybitne zas\u0142ugi oraz ca\u0142okszta\u0142t dzia\u0142alno\u015bci na rzecz wojew\u00f3dztwa mazowieckiego. 07 listopada podczas Gali fina\u0142owej II edycji konkursu &#8222;Razem dla Senior\u00f3w&#8221; pod honorowym patronatem Ma\u0142\u017conki Prezydenta R.P. Agaty Kornhauser-Dudy, kt\u00f3ra odby\u0142a si\u0119 w Pa\u0142acu Prezydenckim w Warszawie AMICUS zdoby\u0142 3 miejsce w kategorii &#8222;Dla Seniora&#8221;. Kategoria ta dotyczy\u0142a wszystkich zada\u0144 jakie podejmuje si\u0119 z my\u015bl\u0105 o dobru i polepszeniu komfortu \u017cycia naszych senior\u00f3w.<br \/>\nNagrod\u0119 odebra\u0142 Prezes Zarz\u0105du Legionowskiego Stowarzyszenia AMICUS ks. pra\u0142. Tomasz Chcia\u0142owski z gronem delegacji stowarzyszenia.<\/p>\n<p><a href=\"https:\/\/www.prezydent.pl\/kancelaria\/aktywnosc-ministrow\/gala-wreczenia-nagrod-w-ii-edycji-konkursu-razem-dla-seniorow,76888\" target=\"_blank\" rel=\"noopener\">Artyku\u0142 na stronie Kancelarii Prezydenta<\/a><\/p>\n<p><img fetchpriority=\"high\" decoding=\"async\" class=\"alignnone size-full wp-image-21107\" src=\"http:\/\/www.mbfatimska.pl\/wp-content\/uploads\/2023\/11\/IMG-20231108-WA0002.jpg\" alt=\"\" width=\"768\" height=\"1024\" \/> <img decoding=\"async\" class=\"alignnone size-full wp-image-21108\" src=\"http:\/\/www.mbfatimska.pl\/wp-content\/uploads\/2023\/11\/IMG-20231108-WA0003.jpg\" alt=\"\" width=\"1024\" height=\"768\" \/> <img decoding=\"async\" class=\"alignnone size-full wp-image-21109\" src=\"http:\/\/www.mbfatimska.pl\/wp-content\/uploads\/2023\/11\/IMG-20231108-WA0004.jpg\" alt=\"\" width=\"768\" height=\"1024\" \/> <img loading=\"lazy\" decoding=\"async\" class=\"alignnone size-full wp-image-21112\" src=\"http:\/\/www.mbfatimska.pl\/wp-content\/uploads\/2023\/11\/IMG-20231108-WA0000.jpg\" alt=\"\" width=\"768\" height=\"1024\" \/> <img loading=\"lazy\" decoding=\"async\" class=\"alignnone size-full wp-image-21113\" src=\"http:\/\/www.mbfatimska.pl\/wp-content\/uploads\/2023\/11\/IMG-20231108-WA0001.jpg\" alt=\"\" width=\"1024\" height=\"768\" \/> <img loading=\"lazy\" decoding=\"async\" class=\"alignnone size-full wp-image-21110\" src=\"http:\/\/www.mbfatimska.pl\/wp-content\/uploads\/2023\/11\/1.jpg\" alt=\"\" width=\"979\" height=\"1181\" \/> <img loading=\"lazy\" decoding=\"async\" class=\"alignnone size-full wp-image-21111\" src=\"http:\/\/www.mbfatimska.pl\/wp-content\/uploads\/2023\/11\/2.jpg\" alt=\"\" width=\"951\" height=\"1181\" \/><\/p>\n<p><img loading=\"lazy\" decoding=\"async\" class=\"alignnone size-full wp-image-21115\" src=\"http:\/\/www.mbfatimska.pl\/wp-content\/uploads\/2023\/11\/4920944375891480189.jpg\" alt=\"\" width=\"541\" height=\"720\" \/><\/p>\n","protected":false},"excerpt":{"rendered":"<p>Legionowskie Stowarzyszenie AMICUS w ostatnim czasie zosta\u0142o zauwa\u017cone i nagrodzone presti\u017cowymi nagrodami. W czerwcu w czasie jubileuszu 15-lecia istnienia stowarzyszenia Marsza\u0142ek Wojew\u00f3dztwa Mazowieckiego Adam Struzik przyzna\u0142 stowarzyszeniu medal pami\u0105tkowy Pro Masovia za wybitne zas\u0142ugi oraz ca\u0142okszta\u0142t dzia\u0142alno\u015bci na rzecz wojew\u00f3dztwa mazowieckiego. 07 listopada podczas Gali fina\u0142owej II edycji konkursu &#8222;Razem dla Senior\u00f3w&#8221; pod honorowym patronatem [&hellip;]<\/p>\n","protected":false},"author":1,"featured_media":21108,"comment_status":"closed","ping_status":"closed","sticky":false,"template":"","format":"standard","meta":{"footnotes":""},"categories":[2,3],"tags":[],"class_list":["post-21106","post","type-post","status-publish","format-standard","has-post-thumbnail","hentry","category-aktualnosci","category-bez-kategorii"],"_links":{"self":[{"href":"https:\/\/mbfatimska.ovh\/index.php\/wp-json\/wp\/v2\/posts\/21106","targetHints":{"allow":["GET"]}}],"collection":[{"href":"https:\/\/mbfatimska.ovh\/index.php\/wp-json\/wp\/v2\/posts"}],"about":[{"href":"https:\/\/mbfatimska.ovh\/index.php\/wp-json\/wp\/v2\/types\/post"}],"author":[{"embeddable":true,"href":"https:\/\/mbfatimska.ovh\/index.php\/wp-json\/wp\/v2\/users\/1"}],"replies":[{"embeddable":true,"href":"https:\/\/mbfatimska.ovh\/index.php\/wp-json\/wp\/v2\/comments?post=21106"}],"version-history":[{"count":0,"href":"https:\/\/mbfatimska.ovh\/index.php\/wp-json\/wp\/v2\/posts\/21106\/revisions"}],"wp:featuredmedia":[{"embeddable":true,"href":"https:\/\/mbfatimska.ovh\/index.php\/wp-json\/wp\/v2\/media\/21108"}],"wp:attachment":[{"href":"https:\/\/mbfatimska.ovh\/index.php\/wp-json\/wp\/v2\/media?parent=21106"}],"wp:term":[{"taxonomy":"category","embeddable":true,"href":"https:\/\/mbfatimska.ovh\/index.php\/wp-json\/wp\/v2\/categories?post=21106"},{"taxonomy":"post_tag","embeddable":true,"href":"https:\/\/mbfatimska.ovh\/index.php\/wp-json\/wp\/v2\/tags?post=21106"}],"curies":[{"name":"wp","href":"https:\/\/api.w.org\/{rel}","templated":true}]}}