{"id":21117,"date":"2023-11-12T07:10:29","date_gmt":"2023-11-12T06:10:29","guid":{"rendered":"https:\/\/www.mbfatimska.pl\/?p=21117"},"modified":"2023-11-12T07:10:29","modified_gmt":"2023-11-12T06:10:29","slug":"xxxii-niedziela-zwykla-2","status":"publish","type":"post","link":"https:\/\/mbfatimska.ovh\/index.php\/2023\/11\/12\/xxxii-niedziela-zwykla-2\/","title":{"rendered":"XXXII niedziela zwyk\u0142a"},"content":{"rendered":"<p>1.\tW dniu dzisiejszym odb\u0119d\u0105 si\u0119 nast\u0119puj\u0105ce spotkania \u2013 katechezy:<br \/>\n&#8211; o godz. 10.25 \u2013 katecheza dla dzieci klas III szko\u0142y podstawowej przed I Komuni\u0105 \u015bwi\u0119t\u0105<br \/>\n&#8211; o godz. 19.00 \u2013 katecheza dla narzeczonych w ramach kursu przedma\u0142\u017ce\u0144skiego<br \/>\n2.\tMi\u0142o nam oznajmi\u0107, \u017ce ostatnio Legionowskie Stowarzyszenie AMICUS zosta\u0142o wyr\u00f3\u017cnione i nagrodzone presti\u017cowymi nagrodami. W czerwcu otrzyma\u0142o od Marsza\u0142ka wojew\u00f3dztwa mazowieckiego Adama Struzika medal Pro Masovia za ca\u0142okszta\u0142t swej dzia\u0142alno\u015bci, a 7 listopada podczas Gali Konkursu Razem dla Senior\u00f3w w Pa\u0142acu Prezydenckim zaj\u0119\u0142o 3 miejsce w kategorii \u201eDla Senior\u00f3w\u201d. Na 206 zg\u0142oszonych organizacji do og\u00f3lnopolskiego konkursu, to w\u0142a\u015bnie AMICUS zaj\u0105\u0142 3 miejsce. Nagrod\u0119 wr\u0119cza\u0142a ma\u0142\u017conka Prezydenta RP Agata Kornhauser-Duda.<br \/>\n3.\tPrezydent Miasta Legionowo zach\u0119ca mieszka\u0144c\u00f3w do wykonania bezp\u0142atnych bada\u0144: wzroku, s\u0142uchu, poziomu cukru we krwi oraz skorzystania z oferty licznych stanowisk bior\u0105cych udzia\u0142 w Dniu walki z cukrzyc\u0105. Wydarzenie to jest zaplanowane na 14 listopada i odb\u0119dzie si\u0119 w ratuszu. Szczeg\u00f3\u0142y na plakatach w gablocie.<br \/>\n4.\tListopad to szczeg\u00f3lny czas pami\u0119ci o naszych bliskich zmar\u0142ych. Nadal jeszcze przyjmujemy na wypominki roczne za naszych zmar\u0142ych. Stosowne kartki wy\u0142o\u017cone s\u0105 na stolikach za \u0142awkami.<br \/>\n5.\tW przysz\u0142\u0105 niedziel\u0119 go\u015bci\u0107 b\u0119dziemy O. Pascala ze zgromadzenia Ojc\u00f3w Kombonian\u00f3w, kt\u00f3ry b\u0119dzie g\u0142osi\u0142 S\u0142owo Bo\u017ce, a po Mszach b\u0119dzie rozprowadza\u0142 katolickie kalendarze na 2024 rok. Przez kupno tego kalendarza b\u0119dziemy mogli wesprze\u0107 misyjn\u0105 dzia\u0142alno\u015b\u0107 Ojc\u00f3w Kombonian\u00f3w, z kt\u00f3rych pomocy nasza parafia bardzo cz\u0119sto korzysta.<br \/>\n6.\tR\u00f3wnie\u017c w przysz\u0142\u0105 niedziel\u0119 odb\u0119d\u0105 si\u0119 nast\u0119puj\u0105ce spotkania i katechezy:<br \/>\n&#8211; o godz. 10.25 dla dzieci klas IV przed Komuni\u0105 \u015bwi\u0119t\u0105 rocznicow\u0105<br \/>\n&#8211; o godz. 16.15 dla m\u0142odzie\u017cy, kt\u00f3ra w pa\u017adzierniku przyj\u0119\u0142a sakrament bierzmowania ; w czasie spotkania b\u0119d\u0105 rozdawane indeksy<br \/>\n&#8211; o godz. 17.00 dla tegorocznej m\u0142odzie\u017cy przed sakramentem bierzmowania<br \/>\n&#8211; o godz. 19.00 dla narzeczonych w ramach kursu przedma\u0142\u017ce\u0144skiego<br \/>\n7.\tW tym tygodniu  w Ko\u015bciele obchodzi\u0107 b\u0119dziemy wspomnienia i \u015bwi\u0119ta:<br \/>\n&#8211; w poniedzia\u0142ek \u2013 wspomnienie \u015bw. Benedykta, Jana, Mateusza, Izaaka i Krystyna pierwszych m\u0119czennik\u00f3w Polskich, a o godz. 18.00 zapraszamy na Msz\u0119 \u015bwi\u0119t\u0105 wotywn\u0105 o Duchu \u015awi\u0119tym<br \/>\n&#8211; w czwartek \u2013 wspomnienie Naj\u015bwi\u0119tszej Maryi Panny Ostrobramskiej, Matki Mi\u0142osierdzia<br \/>\n&#8211; w pi\u0105tek \u2013 \u015bw. El\u017cbiety W\u0119gierskiej, zakonnicy<br \/>\n&#8211; w sobot\u0119 \u2013 b\u0142. Karoliny K\u00f3zk\u00f3wny, dziewicy i m\u0119czennicy<br \/>\n8.\tWe wtorek w Centrum Wsparcia Fizycznego bezp\u0142atnie b\u0119dzie przyjmowa\u0142 prawnik w godz. 17.00-19.00.<br \/>\n9.\tW sobot\u0119 zapraszamy na kolejne warsztaty kulinarno-ciastkarskie. Zaczynamy o godz. 10.00 w budynku Klubu Seniora. Zapisy od dzisiaj do czwartku w\u0142\u0105cznie w zakrystii.<br \/>\n10.\tW przysz\u0142\u0105 niedziel\u0119 po Mszy \u015bwi\u0119tej o godz. 11.00 odb\u0119dzie si\u0119 koncert patriotyczny w wykonaniu naszej scholii dzieci\u0119cej Fatima Canta w po\u0142\u0105czeniu z ch\u00f3rem dzieci\u0119cym ze Szko\u0142y Podstawowej nr 8. Serdecznie zapraszamy. W ubieg\u0142ym tygodniu dzieci z koncertem wyst\u0105pi\u0142y w Centrum Szkolenia Policji oraz 11 listopada w Arenie Legionowo.<br \/>\n11.\tDzi\u0119kujemy za czwartkowe i pi\u0105tkowe prace porz\u0105dkowe na naszym terenie. Dzi\u0119kujemy za grabienie i zamiatanie bo li\u015bci i kolek jest coraz wi\u0119cej. W tym tygodniu r\u00f3wnie\u017c do wsp\u00f3lnych prac zapraszamy w czwartek, pi\u0105tek i sobot\u0119. Zaczynamy o godz. 8.00. Kochani potraktujcie moje zaproszenie na serio. Pom\u00f3\u017cmy tym, kt\u00f3rzy w ka\u017cdym tygodniu czuj\u0105 potrzeb\u0119 dba\u0142o\u015bci o teren przy ko\u015bciele, nierzadko s\u0105 to osoby ju\u017c w bardzo podesz\u0142ym wieku 80 i 90 letni. Czy\u017c m\u0142odszych nie ma w naszej parafii?<br \/>\n12.     Jutro, w poniedzia\u0142ek, o godz. 7.30 zostanie odprawiona Msza \u015bwi\u0119ta w intencji firm, w\u0142a\u015bcicieli, pracownik\u00f3w i ich rodzin z Legionowa i okolic, powierzaj\u0105c je opiece Matki Bo\u017cej Fatimskiej.<\/p>\n","protected":false},"excerpt":{"rendered":"<p>1. W dniu dzisiejszym odb\u0119d\u0105 si\u0119 nast\u0119puj\u0105ce spotkania \u2013 katechezy: &#8211; o godz. 10.25 \u2013 katecheza dla dzieci klas III szko\u0142y podstawowej przed I Komuni\u0105 \u015bwi\u0119t\u0105 &#8211; o godz. 19.00 \u2013 katecheza dla narzeczonych w ramach kursu przedma\u0142\u017ce\u0144skiego 2. Mi\u0142o nam oznajmi\u0107, \u017ce ostatnio Legionowskie Stowarzyszenie AMICUS zosta\u0142o wyr\u00f3\u017cnione i nagrodzone presti\u017cowymi nagrodami. W czerwcu [&hellip;]<\/p>\n","protected":false},"author":1,"featured_media":30657,"comment_status":"closed","ping_status":"closed","sticky":false,"template":"","format":"standard","meta":{"footnotes":""},"categories":[2,14],"tags":[],"class_list":["post-21117","post","type-post","status-publish","format-standard","has-post-thumbnail","hentry","category-aktualnosci","category-ogloszenia-parafialne"],"_links":{"self":[{"href":"https:\/\/mbfatimska.ovh\/index.php\/wp-json\/wp\/v2\/posts\/21117","targetHints":{"allow":["GET"]}}],"collection":[{"href":"https:\/\/mbfatimska.ovh\/index.php\/wp-json\/wp\/v2\/posts"}],"about":[{"href":"https:\/\/mbfatimska.ovh\/index.php\/wp-json\/wp\/v2\/types\/post"}],"author":[{"embeddable":true,"href":"https:\/\/mbfatimska.ovh\/index.php\/wp-json\/wp\/v2\/users\/1"}],"replies":[{"embeddable":true,"href":"https:\/\/mbfatimska.ovh\/index.php\/wp-json\/wp\/v2\/comments?post=21117"}],"version-history":[{"count":0,"href":"https:\/\/mbfatimska.ovh\/index.php\/wp-json\/wp\/v2\/posts\/21117\/revisions"}],"wp:featuredmedia":[{"embeddable":true,"href":"https:\/\/mbfatimska.ovh\/index.php\/wp-json\/wp\/v2\/media\/30657"}],"wp:attachment":[{"href":"https:\/\/mbfatimska.ovh\/index.php\/wp-json\/wp\/v2\/media?parent=21117"}],"wp:term":[{"taxonomy":"category","embeddable":true,"href":"https:\/\/mbfatimska.ovh\/index.php\/wp-json\/wp\/v2\/categories?post=21117"},{"taxonomy":"post_tag","embeddable":true,"href":"https:\/\/mbfatimska.ovh\/index.php\/wp-json\/wp\/v2\/tags?post=21117"}],"curies":[{"name":"wp","href":"https:\/\/api.w.org\/{rel}","templated":true}]}}