{"id":21122,"date":"2023-11-19T07:10:40","date_gmt":"2023-11-19T06:10:40","guid":{"rendered":"https:\/\/www.mbfatimska.pl\/?p=21122"},"modified":"2023-11-19T07:10:40","modified_gmt":"2023-11-19T06:10:40","slug":"xxxiii-niedziela-zwykla-2","status":"publish","type":"post","link":"https:\/\/mbfatimska.ovh\/index.php\/2023\/11\/19\/xxxiii-niedziela-zwykla-2\/","title":{"rendered":"XXXIII niedziela zwyk\u0142a"},"content":{"rendered":"<p>1.\tDzisiaj w naszym ko\u015bciele go\u015bcimy O. Pascala ze zgromadzenia Ojc\u00f3w Kombonian\u00f3w, kt\u00f3ry g\u0142osi S\u0142owo Bo\u017ce i rozprowadza kalendarze misyjne na 2024. Doch\u00f3d ze sprzeda\u017cy kalendarzy przeznaczony jest na dzia\u0142alno\u015b\u0107 misyjn\u0105 Ojc\u00f3w Kombonian\u00f3w.<br \/>\n2.\tR\u00f3wnie\u017c jeszcze dzisiaj dzieci z naszej scholi, w po\u0142\u0105czeniu z ch\u00f3rem szkolnym ze Szko\u0142y Podstawowej nr 8, po Mszy \u015bwi\u0119tej o godz. 11.00 dadz\u0105 kr\u00f3tki koncert pie\u015bni patriotycznych.<br \/>\n3.\tJeszcze dzisiaj o godz. 17.45 zapraszamy na kolejne nabo\u017ce\u0144stwo do \u015bw. J\u00f3zefa, patrona spraw rodziny i ma\u0142\u017ce\u0144stwa, kt\u00f3remu oddajemy cze\u015b\u0107 ka\u017cdego 19 dnia miesi\u0105ca.<br \/>\n4.\tJeszcze dzisiaj odb\u0119d\u0105 si\u0119 katechezy:<br \/>\n&#8211; o godz. 10.25 dla dzieci klas IV przed rocznic\u0105 Komunii \u015bwi\u0119tej<br \/>\n&#8211; o godz. 16.15 dla m\u0142odzie\u017cy, kt\u00f3ra w pa\u017adzierniku przyst\u0105pi\u0142a do sakramentu bierzmowania<br \/>\n&#8211; o godz. 17.00 dla m\u0142odzie\u017cy, kt\u00f3ra w tym roku rozpocz\u0119\u0142a cykl spotka\u0144 przed bierzmowaniem.<br \/>\n5.\tW \u015brod\u0119, 22 listopada, zapraszamy na kolejne nabo\u017ce\u0144stwo do \u015bw. Rity. Na Mszy \u015bwi\u0119tej o godz. 18.00 zostan\u0105 po\u015bwi\u0119cone r\u00f3\u017ce, kt\u00f3re b\u0119dziemy mogli kupi\u0107 przed Msz\u0105 \u015bwi\u0119t\u0105. Po Eucharystii modlitwy do patronki spraw trudnych i beznadziejnych.<br \/>\n6.\tW czwartek w godz. 17.00-18.00 w budynku Centrum Wsparcia Fizycznego b\u0119dzie mo\u017cna nieodp\u0142atnie skorzysta\u0107 z konsultacji logopedy szkolnego.<br \/>\n7.\tW pi\u0105tek, o godz. 18.00, zostanie odprawiona Msza \u015bwi\u0119ta wypominkowa za naszych bliskich zmar\u0142ych.<br \/>\n8.\tW sobot\u0119 zapraszamy na kolejne warsztaty kulinarno-ciastkarskie. Zapraszamy m\u0142odszych i starszych, nawet ca\u0142e rodziny. Warsztaty to nie tylko nauka robienia wypiek\u00f3w, ale r\u00f3wnie\u017c konkursy z nagrodami, mi\u0142a zabawa z warto\u015bciami duchowymi.<br \/>\n9.\tW tym tygodniu obchodzi\u0107 b\u0119dziemy nast\u0119puj\u0105ce wspomnienia i \u015bwi\u0119ta:<br \/>\n&#8211; w poniedzia\u0142ek \u2013 \u015bw. Rafa\u0142a Kalinowskiego<br \/>\n&#8211; we wtorek \u2013 Ofiarowanie Naj\u015bwi\u0119tszej Maryi Panny<br \/>\n&#8211; w \u015brod\u0119 \u2013 \u015bw. Cecylii<br \/>\n&#8211; w pi\u0105tek \u2013 \u015bw. M\u0119czennik\u00f3w Andrzeja Dung-Lac i towarzyszy<br \/>\n10.\tZa tydzie\u0144, w niedziel\u0119 w Warszawie odb\u0119dzie si\u0119 Orszak Chrystusa Kr\u00f3la. Pocz\u0105tek o godz. 12.30 Msz\u0105 \u015bwi\u0119t\u0105 w katedrze M\u0119cze\u0144stwa \u015bw. Jana Chrzciciela, a nast\u0119pnie procesyjne przej\u015bcie do bazyliki \u015awi\u0119tego Krzy\u017ca. W ten spos\u00f3b pragniemy zamanifestowa\u0107, \u017ce Chrystus jest naszym Panem i Kr\u00f3lem.<br \/>\n11.\tZa tydzie\u0144 w niedziel\u0119 obchodzi\u0107 b\u0119dziemy ostatni\u0105 niedziel\u0119 roku liturgicznego. Tego dnia b\u0119dziemy oddawa\u0107 cze\u015b\u0107 Chrystusowi jako Kr\u00f3lowi. W tym dniu na Mszach \u015bwi\u0119tych o godz. 11.00 i 12.30 go\u015bci\u0107 b\u0119dziemy zesp\u00f3\u0142 muzyczny z Afryki wraz ze swoim opiekunem. Nasi go\u015bcie zapewni\u0105 muzyczn\u0105 opraw\u0119 Mszy \u015bwi\u0119tej, oraz po Eucharystii dadz\u0105 kr\u00f3tki koncert swojej tw\u00f3rczo\u015bci.<br \/>\n12.\tZa tydzie\u0144, w niedziel\u0119, o godz. 10.25 katecheza dla dzieci z klas III szko\u0142y podstawowej przed uroczysto\u015bci\u0105 I Komunii \u015bwi\u0119tej.<br \/>\n13.\tDzi\u0119kujemy za czwartkowe, pi\u0105tkowe i sobotnie prace porz\u0105dkowe na naszym terenie. Dzi\u0119kujemy za grabienie i zamiatanie. W tym tygodniu r\u00f3wnie\u017c do wsp\u00f3lnych prac zapraszamy na pi\u0105tek i sobot\u0119. Zaczynamy o godz. 8.00.<\/p>\n","protected":false},"excerpt":{"rendered":"<p>1. Dzisiaj w naszym ko\u015bciele go\u015bcimy O. Pascala ze zgromadzenia Ojc\u00f3w Kombonian\u00f3w, kt\u00f3ry g\u0142osi S\u0142owo Bo\u017ce i rozprowadza kalendarze misyjne na 2024. Doch\u00f3d ze sprzeda\u017cy kalendarzy przeznaczony jest na dzia\u0142alno\u015b\u0107 misyjn\u0105 Ojc\u00f3w Kombonian\u00f3w. 2. R\u00f3wnie\u017c jeszcze dzisiaj dzieci z naszej scholi, w po\u0142\u0105czeniu z ch\u00f3rem szkolnym ze Szko\u0142y Podstawowej nr 8, po Mszy \u015bwi\u0119tej o [&hellip;]<\/p>\n","protected":false},"author":1,"featured_media":30657,"comment_status":"closed","ping_status":"closed","sticky":false,"template":"","format":"standard","meta":{"footnotes":""},"categories":[2,14],"tags":[],"class_list":["post-21122","post","type-post","status-publish","format-standard","has-post-thumbnail","hentry","category-aktualnosci","category-ogloszenia-parafialne"],"_links":{"self":[{"href":"https:\/\/mbfatimska.ovh\/index.php\/wp-json\/wp\/v2\/posts\/21122","targetHints":{"allow":["GET"]}}],"collection":[{"href":"https:\/\/mbfatimska.ovh\/index.php\/wp-json\/wp\/v2\/posts"}],"about":[{"href":"https:\/\/mbfatimska.ovh\/index.php\/wp-json\/wp\/v2\/types\/post"}],"author":[{"embeddable":true,"href":"https:\/\/mbfatimska.ovh\/index.php\/wp-json\/wp\/v2\/users\/1"}],"replies":[{"embeddable":true,"href":"https:\/\/mbfatimska.ovh\/index.php\/wp-json\/wp\/v2\/comments?post=21122"}],"version-history":[{"count":0,"href":"https:\/\/mbfatimska.ovh\/index.php\/wp-json\/wp\/v2\/posts\/21122\/revisions"}],"wp:featuredmedia":[{"embeddable":true,"href":"https:\/\/mbfatimska.ovh\/index.php\/wp-json\/wp\/v2\/media\/30657"}],"wp:attachment":[{"href":"https:\/\/mbfatimska.ovh\/index.php\/wp-json\/wp\/v2\/media?parent=21122"}],"wp:term":[{"taxonomy":"category","embeddable":true,"href":"https:\/\/mbfatimska.ovh\/index.php\/wp-json\/wp\/v2\/categories?post=21122"},{"taxonomy":"post_tag","embeddable":true,"href":"https:\/\/mbfatimska.ovh\/index.php\/wp-json\/wp\/v2\/tags?post=21122"}],"curies":[{"name":"wp","href":"https:\/\/api.w.org\/{rel}","templated":true}]}}