{"id":21128,"date":"2023-11-26T07:29:12","date_gmt":"2023-11-26T06:29:12","guid":{"rendered":"https:\/\/www.mbfatimska.pl\/?p=21128"},"modified":"2023-11-26T07:29:12","modified_gmt":"2023-11-26T06:29:12","slug":"uroczystosc-jezusa-chrystusa-krola-wszechswiata-4","status":"publish","type":"post","link":"https:\/\/mbfatimska.ovh\/index.php\/2023\/11\/26\/uroczystosc-jezusa-chrystusa-krola-wszechswiata-4\/","title":{"rendered":"Uroczysto\u015b\u0107 Jezusa Chrystusa Kr\u00f3la wszech\u015bwiata"},"content":{"rendered":"<p>1.\tDzisiejsza niedziela jest ostatni\u0105 niedziel\u0105 roku liturgicznego. Tego dnia oddajemy cze\u015b\u0107 Chrystusowi jako Kr\u00f3lowi. O godz. 17.40 zapraszamy na nabo\u017ce\u0144stwo do Chrystusa Kr\u00f3la, po\u0142\u0105czone z wystawieniem Naj\u015bwi\u0119tszego Sakramentu.<br \/>\n2.\tWe wtorek, tak jak ka\u017cdego 28 dnia miesi\u0105ca, po Mszy \u015bwi\u0119tej o godz. 18.00 zapraszamy na nabo\u017ce\u0144stwo do B\u0142. Kardyna\u0142a Stefana Wyszy\u0144skiego, patrona naszego miasta.<br \/>\n3.\tW tym tygodniu przypada:<br \/>\n&#8211; I pi\u0105tek miesi\u0105ca \u2013 spowied\u017a od godz. 16.30 do godz. 18.30<br \/>\n&#8211; I sobota miesi\u0105ca \u2013 po Mszy \u015bwi\u0119tej o godz. 18.00 nabo\u017ce\u0144stwo wynagradzaj\u0105ce Niepokalanemu Sercu Naj\u015bwi\u0119tszej Maryi Panny po\u0142\u0105czone z adoracj\u0105, kt\u00f3ra trwa\u0107 b\u0119dzie do godz. 20.15<br \/>\n&#8211; I niedziela miesi\u0105ca \u2013 po Mszy \u015bwi\u0119tej o godz. 12.30 wystawienie Naj\u015bwi\u0119tszego Sakramentu i mo\u017cliwo\u015b\u0107 adoracji do godz. 17.45<br \/>\n4.\t W czwartek, na Mszy \u015bwi\u0119tej o godz. 18.000 odb\u0119dzie si\u0119 obrz\u0119d po\u015bwi\u0119cenia op\u0142atk\u00f3w wigilijnych. Zapraszamy osoby, kt\u00f3re w poprzednich latach roznosi\u0142y op\u0142atki po naszych domach i te, kt\u00f3re w tym roku chc\u0105 si\u0119 w\u0142\u0105czy\u0107 w to dzie\u0142o, by tego szczeg\u00f3lnego chleba mi\u0142o\u015bci nie zbrak\u0142o na naszym stole.<br \/>\n5.\tW pi\u0105tek, o godz. 19.00 w kawiarence katecheza przed chrzcielna. Bior\u0105 w niej udzia\u0142 rodzice dziecka, kt\u00f3re b\u0119dzie przyjmowa\u0107 sakrament chrztu oraz rodzice chrzestni i kandydaci na chrzestnych.<br \/>\n6.\tW pi\u0105tek i  sobot\u0119 w marketach legionowskich odb\u0119dzie si\u0119 14 zbi\u00f3rka \u017cywno\u015bci z my\u015bl\u0105 o ubo\u017cszej cz\u0119\u015bci naszych mieszka\u0144c\u00f3w. R\u00f3wnie\u017c i w naszym rejonie w Biedronce i w Kauflandzie b\u0119dzie przeprowadzona taka zbi\u00f3rka. Wezm\u0105 w niej udzia\u0142 osoby niepe\u0142nosprawne, seniorzy, ministranci, przedstawiciele grup parafialnych. Kto by chcia\u0142 do\u0142\u0105czy\u0107 do grona wolontariuszy, to zapraszamy w \u015brod\u0119 na godz. 19.00 do ko\u015bcio\u0142a na spotkanie organizacyjne. Na spotkanie zapraszamy r\u00f3wnie\u017c i te osoby, kt\u00f3re ju\u017c wyrazi\u0142y ch\u0119\u0107 wzi\u0119cia udzia\u0142u w akcji zbierania \u017cywno\u015bci. Kochani prosimy Was w pi\u0105tek i w sobot\u0119, kiedy b\u0119dziecie robi\u0107 zakupy w Biedronce czy w Kauflandzie, o kupno dodatkowych produkt\u00f3w o przed\u0142u\u017conym terminie przydatno\u015bci (m\u0105ka, cukier, makaron, olej, puszki \u017cywno\u015bciowe, kawa, herbata itp.) i przekazanie ich wolontariuszom. Z g\u00f3ry dzi\u0119kujemy.<br \/>\n7.\tW przysz\u0142\u0105 sobot\u0119 zapraszamy na kolejne warsztaty cukierniczo-kulinarne. W programie robienie piernikowych ozd\u00f3b \u015bwi\u0105tecznych. W t\u0119 sobot\u0119 uczestnicy w\u0142asnor\u0119cznie wykonali i ozdabiali katarzynki. Zapraszamy dzieci, doros\u0142ych a nawet ca\u0142e rodziny. To dobry czas by konstruktywnie sp\u0119dzi\u0107 czas, poznaj\u0105c siebie nawzajem.<br \/>\n8.\tZa tydzie\u0144 obchodzi\u0107 b\u0119dziemy I niedziel\u0119 adwentu. W tym roku adwent jest bardzo kr\u00f3tki bo trwa co prawda 4 niedziele, ale to s\u0105 tylko 3 tygodnie. Ju\u017c dzisiaj zapraszamy na Msze \u015bwi\u0119te roratnie:<br \/>\n&#8211; w poniedzia\u0142ki, \u015brody i pi\u0105tki o godz. 6.50<br \/>\n&#8211; we wtorki, czwartki i soboty o godz. 18.00<br \/>\n9.\tW przysz\u0142\u0105 niedziel\u0119 o godz. 17.00 odb\u0119dzie si\u0119 katecheza dla m\u0142odzie\u017cy przed sakramentem bierzmowania.<br \/>\n10.\t10 grudnia , za dwa tygodnie, organizujemy wyjazd autokarowy do naszego seminarium, na sztuk\u0119 wystawion\u0105 przez kleryk\u00f3w III pt. \u201eI co teraz?\u201d. Wyjazd o godz. 14.00, powr\u00f3t na godz. 18.00. Koszt wyjazdu to 15 z\u0142. Serdecznie zapraszamy rodzic\u00f3w z dzie\u0107mi, m\u0142odzie\u017c i starszych. Zapisy ju\u017c od dzisiejszej niedzieli do \u015brody 6 grudnia.<br \/>\n11.\tDzi\u0119kujemy za pi\u0105tkowe i sobotnie prace porz\u0105dkowe. Pracy by\u0142o wiele po silnych wiatrach, kt\u00f3re przechodzi\u0142y przez Polsk\u0119. Nie wszystko zosta\u0142o jeszcze zrobione. Zapraszamy w pi\u0105tek i sobot\u0119 na godz. 8.00.<br \/>\n12.\tW poprzednich dniach i tygodniach zosta\u0142o wymienione o\u015bwietlenie z \u017carnikowego na ledowe w prezbiterium. Zosta\u0142y r\u00f3wnie\u017c zamontowane lampy na\u015bwietlaj\u0105ce wie\u017c\u0119, kt\u00f3re uleg\u0142y spaleniu poprzez wypi\u0119cie si\u0119 zera i zwi\u0119kszenie napi\u0119cia na poziomie 280-290 W. Wszystkie te inwestycje z materia\u0142ami i monta\u017cem to koszt 20.000 z\u0142. Nowe lampy pozwol\u0105 zmniejszy\u0107 zu\u017cycie energii, bo wsp\u00f3lnie p\u0142acimy 4300-4500 z\u0142 miesi\u0119cznie za sam pr\u0105d, tylko w ko\u015bciele. Dzi\u0119kujemy za pomoc firmom Lopi, Dorian, Ochotniczej Stra\u017cy Po\u017carnej z Legionowa, Panu Andrzejowi Jasi\u0144skiemu z Warszawy za specjalistyczny d\u017awig do monta\u017cu o\u015bwietlenia.<\/p>\n","protected":false},"excerpt":{"rendered":"<p>1. Dzisiejsza niedziela jest ostatni\u0105 niedziel\u0105 roku liturgicznego. Tego dnia oddajemy cze\u015b\u0107 Chrystusowi jako Kr\u00f3lowi. O godz. 17.40 zapraszamy na nabo\u017ce\u0144stwo do Chrystusa Kr\u00f3la, po\u0142\u0105czone z wystawieniem Naj\u015bwi\u0119tszego Sakramentu. 2. We wtorek, tak jak ka\u017cdego 28 dnia miesi\u0105ca, po Mszy \u015bwi\u0119tej o godz. 18.00 zapraszamy na nabo\u017ce\u0144stwo do B\u0142. Kardyna\u0142a Stefana Wyszy\u0144skiego, patrona naszego miasta. [&hellip;]<\/p>\n","protected":false},"author":1,"featured_media":30657,"comment_status":"closed","ping_status":"closed","sticky":false,"template":"","format":"standard","meta":{"footnotes":""},"categories":[2,14],"tags":[],"class_list":["post-21128","post","type-post","status-publish","format-standard","has-post-thumbnail","hentry","category-aktualnosci","category-ogloszenia-parafialne"],"_links":{"self":[{"href":"https:\/\/mbfatimska.ovh\/index.php\/wp-json\/wp\/v2\/posts\/21128","targetHints":{"allow":["GET"]}}],"collection":[{"href":"https:\/\/mbfatimska.ovh\/index.php\/wp-json\/wp\/v2\/posts"}],"about":[{"href":"https:\/\/mbfatimska.ovh\/index.php\/wp-json\/wp\/v2\/types\/post"}],"author":[{"embeddable":true,"href":"https:\/\/mbfatimska.ovh\/index.php\/wp-json\/wp\/v2\/users\/1"}],"replies":[{"embeddable":true,"href":"https:\/\/mbfatimska.ovh\/index.php\/wp-json\/wp\/v2\/comments?post=21128"}],"version-history":[{"count":0,"href":"https:\/\/mbfatimska.ovh\/index.php\/wp-json\/wp\/v2\/posts\/21128\/revisions"}],"wp:featuredmedia":[{"embeddable":true,"href":"https:\/\/mbfatimska.ovh\/index.php\/wp-json\/wp\/v2\/media\/30657"}],"wp:attachment":[{"href":"https:\/\/mbfatimska.ovh\/index.php\/wp-json\/wp\/v2\/media?parent=21128"}],"wp:term":[{"taxonomy":"category","embeddable":true,"href":"https:\/\/mbfatimska.ovh\/index.php\/wp-json\/wp\/v2\/categories?post=21128"},{"taxonomy":"post_tag","embeddable":true,"href":"https:\/\/mbfatimska.ovh\/index.php\/wp-json\/wp\/v2\/tags?post=21128"}],"curies":[{"name":"wp","href":"https:\/\/api.w.org\/{rel}","templated":true}]}}