{"id":21132,"date":"2023-09-04T15:20:47","date_gmt":"2023-09-04T13:20:47","guid":{"rendered":"https:\/\/www.mbfatimska.pl\/?p=21132"},"modified":"2023-09-04T15:20:47","modified_gmt":"2023-09-04T13:20:47","slug":"nasze-grupy-parafialne","status":"publish","type":"post","link":"https:\/\/mbfatimska.ovh\/index.php\/2023\/09\/04\/nasze-grupy-parafialne\/","title":{"rendered":"Nasze grupy parafialne"},"content":{"rendered":"<p>W celu poprawy jako\u015bci funkcjonowania i dzia\u0142ania poszczeg\u00f3lnych grup parafialnych zw\u0142aszcza m\u0142odzie\u017cowych parafia zainicjowa\u0142a wi\u0119ksza atrakcyjno\u015b\u0107 poszczeg\u00f3lnych wsp\u00f3lnot. Pierwszym z nich jest wsparcie grup w zakresie powi\u0119kszenia liczebno\u015bci sk\u0142adu z jednoczesnym uatrakcyjnieniem charyzmat\u00f3w danych wsp\u00f3lnot. W najbli\u017cszym czasie pragniemy wi\u0119ksz\u0105 uwag\u0119 skierowa\u0107 na rozw\u00f3j grup parafialnych takich jak: warsztaty cukierniczo-kulinarne, sportowe, muzyczno-teatralne czy powi\u0119kszenie grupy charytatywno-wolontariackiej. W tym czasie planujemy remont kawiarenki, zakup niezb\u0119dnego sprz\u0119tu przy realizacji misji poszczeg\u00f3lnych grup. Zadanie jest dofinansowane przez Narodowy Instytut Wolno\u015bci &#8211; Centrum Rozwoju Spo\u0142ecze\u0144stwa Obywatelskiego w ramach Rz\u0105dowego Programu Rozwoju Organizacji Obywatelskich na lata 2018-2030<\/p>\n<p><img fetchpriority=\"high\" decoding=\"async\" class=\"alignnone size-full wp-image-21133\" src=\"http:\/\/www.mbfatimska.pl\/wp-content\/uploads\/2023\/11\/PROO_zestawienie_1_plik_edytowalny_KOLOR-scaled.jpg\" alt=\"\" width=\"2560\" height=\"373\" \/><\/p>\n","protected":false},"excerpt":{"rendered":"<p>W celu poprawy jako\u015bci funkcjonowania i dzia\u0142ania poszczeg\u00f3lnych grup parafialnych zw\u0142aszcza m\u0142odzie\u017cowych parafia zainicjowa\u0142a wi\u0119ksza atrakcyjno\u015b\u0107 poszczeg\u00f3lnych wsp\u00f3lnot. Pierwszym z nich jest wsparcie grup w zakresie powi\u0119kszenia liczebno\u015bci sk\u0142adu z jednoczesnym uatrakcyjnieniem charyzmat\u00f3w danych wsp\u00f3lnot. W najbli\u017cszym czasie pragniemy wi\u0119ksz\u0105 uwag\u0119 skierowa\u0107 na rozw\u00f3j grup parafialnych takich jak: warsztaty cukierniczo-kulinarne, sportowe, muzyczno-teatralne czy powi\u0119kszenie grupy [&hellip;]<\/p>\n","protected":false},"author":1,"featured_media":21133,"comment_status":"closed","ping_status":"closed","sticky":false,"template":"","format":"standard","meta":{"footnotes":""},"categories":[2],"tags":[],"class_list":["post-21132","post","type-post","status-publish","format-standard","has-post-thumbnail","hentry","category-aktualnosci"],"_links":{"self":[{"href":"https:\/\/mbfatimska.ovh\/index.php\/wp-json\/wp\/v2\/posts\/21132","targetHints":{"allow":["GET"]}}],"collection":[{"href":"https:\/\/mbfatimska.ovh\/index.php\/wp-json\/wp\/v2\/posts"}],"about":[{"href":"https:\/\/mbfatimska.ovh\/index.php\/wp-json\/wp\/v2\/types\/post"}],"author":[{"embeddable":true,"href":"https:\/\/mbfatimska.ovh\/index.php\/wp-json\/wp\/v2\/users\/1"}],"replies":[{"embeddable":true,"href":"https:\/\/mbfatimska.ovh\/index.php\/wp-json\/wp\/v2\/comments?post=21132"}],"version-history":[{"count":0,"href":"https:\/\/mbfatimska.ovh\/index.php\/wp-json\/wp\/v2\/posts\/21132\/revisions"}],"wp:featuredmedia":[{"embeddable":true,"href":"https:\/\/mbfatimska.ovh\/index.php\/wp-json\/wp\/v2\/media\/21133"}],"wp:attachment":[{"href":"https:\/\/mbfatimska.ovh\/index.php\/wp-json\/wp\/v2\/media?parent=21132"}],"wp:term":[{"taxonomy":"category","embeddable":true,"href":"https:\/\/mbfatimska.ovh\/index.php\/wp-json\/wp\/v2\/categories?post=21132"},{"taxonomy":"post_tag","embeddable":true,"href":"https:\/\/mbfatimska.ovh\/index.php\/wp-json\/wp\/v2\/tags?post=21132"}],"curies":[{"name":"wp","href":"https:\/\/api.w.org\/{rel}","templated":true}]}}