{"id":21135,"date":"2023-09-20T15:25:03","date_gmt":"2023-09-20T13:25:03","guid":{"rendered":"https:\/\/www.mbfatimska.pl\/?p=21135"},"modified":"2023-09-20T15:25:03","modified_gmt":"2023-09-20T13:25:03","slug":"nasza-schola","status":"publish","type":"post","link":"https:\/\/mbfatimska.ovh\/index.php\/2023\/09\/20\/nasza-schola\/","title":{"rendered":"Nasza schola"},"content":{"rendered":"<p>Gdy tylko zabrzmia\u0142 pierwszy dzwonek a dzieci i m\u0142odzie\u017cy wr\u00f3ci\u0142y do szko\u0142y r\u00f3wnie\u017c w parafii rozpocz\u0119\u0142y si\u0119 zaj\u0119cia formacyjne. Z wielkim animuszem do pracy ruszy\u0142a nasza schola. Na swoich cotygodniowych spotkaniach doskonali sw\u00f3j \u015bpiew, granie na instrumentach, a nawet dzieci \u0107wicz\u0105 swoj\u0105 dykcj\u0119 szykuj\u0105c si\u0119 do wielu recytacji tekst\u00f3w prezentowanych przy r\u00f3\u017cnych wa\u017cnych wydarzeniach. Nasi uczestnicy ci\u0105gle pragn\u0105 powi\u0119ksza\u0107 sw\u00f3j kunszt artystyczny, aby jeszcze wi\u0119cej dawa\u0107 z siebie z my\u015bl\u0105 o rado\u015bci innych.<\/p>\n<p><img fetchpriority=\"high\" decoding=\"async\" class=\"alignnone size-full wp-image-21136\" src=\"http:\/\/www.mbfatimska.pl\/wp-content\/uploads\/2023\/11\/IMG_20231014_100341-scaled.jpg\" alt=\"\" width=\"2560\" height=\"1920\" \/> <img decoding=\"async\" class=\"alignnone size-full wp-image-21137\" src=\"http:\/\/www.mbfatimska.pl\/wp-content\/uploads\/2023\/11\/IMG_20231014_100350-scaled.jpg\" alt=\"\" width=\"2560\" height=\"1920\" \/> <img decoding=\"async\" class=\"alignnone size-full wp-image-21138\" src=\"http:\/\/www.mbfatimska.pl\/wp-content\/uploads\/2023\/11\/IMG_20231014_101316-scaled.jpg\" alt=\"\" width=\"2560\" height=\"1920\" \/> <img loading=\"lazy\" decoding=\"async\" class=\"alignnone size-full wp-image-21139\" src=\"http:\/\/www.mbfatimska.pl\/wp-content\/uploads\/2023\/11\/IMG_20231014_101327-scaled.jpg\" alt=\"\" width=\"2560\" height=\"1920\" \/> <img loading=\"lazy\" decoding=\"async\" class=\"alignnone size-full wp-image-21140\" src=\"http:\/\/www.mbfatimska.pl\/wp-content\/uploads\/2023\/11\/IMG_20231014_112606-scaled.jpg\" alt=\"\" width=\"2560\" height=\"1920\" \/><\/p>\n","protected":false},"excerpt":{"rendered":"<p>Gdy tylko zabrzmia\u0142 pierwszy dzwonek a dzieci i m\u0142odzie\u017cy wr\u00f3ci\u0142y do szko\u0142y r\u00f3wnie\u017c w parafii rozpocz\u0119\u0142y si\u0119 zaj\u0119cia formacyjne. Z wielkim animuszem do pracy ruszy\u0142a nasza schola. Na swoich cotygodniowych spotkaniach doskonali sw\u00f3j \u015bpiew, granie na instrumentach, a nawet dzieci \u0107wicz\u0105 swoj\u0105 dykcj\u0119 szykuj\u0105c si\u0119 do wielu recytacji tekst\u00f3w prezentowanych przy r\u00f3\u017cnych wa\u017cnych wydarzeniach. Nasi [&hellip;]<\/p>\n","protected":false},"author":1,"featured_media":21140,"comment_status":"closed","ping_status":"closed","sticky":false,"template":"","format":"standard","meta":{"footnotes":""},"categories":[2],"tags":[],"class_list":["post-21135","post","type-post","status-publish","format-standard","has-post-thumbnail","hentry","category-aktualnosci"],"_links":{"self":[{"href":"https:\/\/mbfatimska.ovh\/index.php\/wp-json\/wp\/v2\/posts\/21135","targetHints":{"allow":["GET"]}}],"collection":[{"href":"https:\/\/mbfatimska.ovh\/index.php\/wp-json\/wp\/v2\/posts"}],"about":[{"href":"https:\/\/mbfatimska.ovh\/index.php\/wp-json\/wp\/v2\/types\/post"}],"author":[{"embeddable":true,"href":"https:\/\/mbfatimska.ovh\/index.php\/wp-json\/wp\/v2\/users\/1"}],"replies":[{"embeddable":true,"href":"https:\/\/mbfatimska.ovh\/index.php\/wp-json\/wp\/v2\/comments?post=21135"}],"version-history":[{"count":0,"href":"https:\/\/mbfatimska.ovh\/index.php\/wp-json\/wp\/v2\/posts\/21135\/revisions"}],"wp:featuredmedia":[{"embeddable":true,"href":"https:\/\/mbfatimska.ovh\/index.php\/wp-json\/wp\/v2\/media\/21140"}],"wp:attachment":[{"href":"https:\/\/mbfatimska.ovh\/index.php\/wp-json\/wp\/v2\/media?parent=21135"}],"wp:term":[{"taxonomy":"category","embeddable":true,"href":"https:\/\/mbfatimska.ovh\/index.php\/wp-json\/wp\/v2\/categories?post=21135"},{"taxonomy":"post_tag","embeddable":true,"href":"https:\/\/mbfatimska.ovh\/index.php\/wp-json\/wp\/v2\/tags?post=21135"}],"curies":[{"name":"wp","href":"https:\/\/api.w.org\/{rel}","templated":true}]}}