{"id":21335,"date":"2023-10-20T08:14:42","date_gmt":"2023-10-20T06:14:42","guid":{"rendered":"https:\/\/www.mbfatimska.pl\/?p=21335"},"modified":"2023-10-20T08:14:42","modified_gmt":"2023-10-20T06:14:42","slug":"warsztaty-integracyjne-w-popowie-2","status":"publish","type":"post","link":"https:\/\/mbfatimska.ovh\/index.php\/2023\/10\/20\/warsztaty-integracyjne-w-popowie-2\/","title":{"rendered":"Warsztaty Integracyjne w Popowie"},"content":{"rendered":"<p>W po\u0142owie pa\u017adziernika nasza s\u0142u\u017cba liturgiczna, schola, ministranci, bielanki, i inne grupy wraz z rodzicami uczestniczyli w warsztatach integracyjnych w O\u015brodku Caritas w Popowie. Dzieci obok zaj\u0119\u0107 formacyjnych zwi\u0105zanych ze sztuk\u0105 s\u0142u\u017cenia innym przez \u015bpiew, teatr, skupienie i modlitw\u0119 bra\u0142y udzia\u0142 w zabawach przygotowanych przez pani\u0105 Anit\u0119 i rodzic\u00f3w. W czasie wsp\u00f3lnego bycia z sob\u0105 nie zabrak\u0142o modlitwy. Wszyscy uczestniczyli w eucharystii sprawowanej przez ks. Marka. W czasie wsp\u00f3lnego pobytu uczestnicy mogli rozkoszowa\u0107 si\u0119 agap\u0105-uczt\u0105. Na wszystkich czeka\u0142y dania grillowe (kie\u0142baski, kaszanka) napoje zimne i gor\u0105ce i oczywi\u015bcie desery. Wszyscy wr\u00f3cili w mi\u0142ych nastrojach i nowym zapa\u0142em do dalszych prac formacyjnych.<\/p>\n<p><a href=\"https:\/\/www.mbfatimska.pl\/warsztaty-integracyjne-w-popowie\/\" target=\"_blank\" rel=\"noopener\">Galeria zdj\u0119\u0107<\/a><\/p>\n","protected":false},"excerpt":{"rendered":"<p>W po\u0142owie pa\u017adziernika nasza s\u0142u\u017cba liturgiczna, schola, ministranci, bielanki, i inne grupy wraz z rodzicami uczestniczyli w warsztatach integracyjnych w O\u015brodku Caritas w Popowie. Dzieci obok zaj\u0119\u0107 formacyjnych zwi\u0105zanych ze sztuk\u0105 s\u0142u\u017cenia innym przez \u015bpiew, teatr, skupienie i modlitw\u0119 bra\u0142y udzia\u0142 w zabawach przygotowanych przez pani\u0105 Anit\u0119 i rodzic\u00f3w. W czasie wsp\u00f3lnego bycia z sob\u0105 [&hellip;]<\/p>\n","protected":false},"author":1,"featured_media":21329,"comment_status":"closed","ping_status":"closed","sticky":false,"template":"","format":"standard","meta":{"footnotes":""},"categories":[2],"tags":[],"class_list":["post-21335","post","type-post","status-publish","format-standard","has-post-thumbnail","hentry","category-aktualnosci"],"_links":{"self":[{"href":"https:\/\/mbfatimska.ovh\/index.php\/wp-json\/wp\/v2\/posts\/21335","targetHints":{"allow":["GET"]}}],"collection":[{"href":"https:\/\/mbfatimska.ovh\/index.php\/wp-json\/wp\/v2\/posts"}],"about":[{"href":"https:\/\/mbfatimska.ovh\/index.php\/wp-json\/wp\/v2\/types\/post"}],"author":[{"embeddable":true,"href":"https:\/\/mbfatimska.ovh\/index.php\/wp-json\/wp\/v2\/users\/1"}],"replies":[{"embeddable":true,"href":"https:\/\/mbfatimska.ovh\/index.php\/wp-json\/wp\/v2\/comments?post=21335"}],"version-history":[{"count":0,"href":"https:\/\/mbfatimska.ovh\/index.php\/wp-json\/wp\/v2\/posts\/21335\/revisions"}],"wp:featuredmedia":[{"embeddable":true,"href":"https:\/\/mbfatimska.ovh\/index.php\/wp-json\/wp\/v2\/media\/21329"}],"wp:attachment":[{"href":"https:\/\/mbfatimska.ovh\/index.php\/wp-json\/wp\/v2\/media?parent=21335"}],"wp:term":[{"taxonomy":"category","embeddable":true,"href":"https:\/\/mbfatimska.ovh\/index.php\/wp-json\/wp\/v2\/categories?post=21335"},{"taxonomy":"post_tag","embeddable":true,"href":"https:\/\/mbfatimska.ovh\/index.php\/wp-json\/wp\/v2\/tags?post=21335"}],"curies":[{"name":"wp","href":"https:\/\/api.w.org\/{rel}","templated":true}]}}