{"id":21370,"date":"2023-11-20T08:26:01","date_gmt":"2023-11-20T07:26:01","guid":{"rendered":"https:\/\/www.mbfatimska.pl\/?p=21370"},"modified":"2023-11-20T08:26:01","modified_gmt":"2023-11-20T07:26:01","slug":"swieto-niepodleglosci-wystepy-scholi-fatima-canta-2","status":"publish","type":"post","link":"https:\/\/mbfatimska.ovh\/index.php\/2023\/11\/20\/swieto-niepodleglosci-wystepy-scholi-fatima-canta-2\/","title":{"rendered":"\u015awi\u0119to Niepodleg\u0142o\u015bci &#8211; wyst\u0119py Scholi Fatima Canta"},"content":{"rendered":"<p>Nasza schola &#8211; grupa muzyczna w po\u0142\u0105czeniu z ch\u00f3rem ze szko\u0142y SP 8 zaprezentowa\u0142a swoj\u0105 ci\u0119\u017ck\u0105 wielotygodniow\u0105 prac\u0119 przez wyst\u0105pienie z koncertem patriotycznym w Centrum Szkolenia Policji w Legionowie, podczas legionowskich obchod\u00f3w \u015awi\u0119ta Niepodleg\u0142o\u015bci na Arenie Legionowo oraz w naszym ko\u015bciele po Mszy \u015aw. o godz. 11:00 w niedziel\u0119 19 listopada. Wsz\u0119dzie dzieci za swoj\u0105 prac\u0119, kunszt artystyczny zosta\u0142y nagrodzone oklaskami i ciep\u0142ym przyj\u0119ciem. To mozolna i wytrwa\u0142a praca dzieci, opiekun\u00f3w a zw\u0142aszcza Pani Anity Rodak &#8211; nauczycielki SP8 oraz naszej opiekunki i prowadz\u0105cej schol\u0119. Dzieci \u015bpiewaj\u0105c i graj\u0105c na instrumentach pokaza\u0142y sw\u00f3j m\u0142odzie\u0144czy patriotyzm a nade wszystko swoj\u0105 wielk\u0105 pasj\u0119 s\u0142u\u017cenia innym przez \u015bpiew.<\/p>\n<p><a href=\"https:\/\/www.mbfatimska.pl\/swieto-niepodleglosci-wystepy-scholi-fatima-canta\/\" target=\"_blank\" rel=\"noopener\">Galeria zdj\u0119\u0107<\/a><\/p>\n","protected":false},"excerpt":{"rendered":"<p>Nasza schola &#8211; grupa muzyczna w po\u0142\u0105czeniu z ch\u00f3rem ze szko\u0142y SP 8 zaprezentowa\u0142a swoj\u0105 ci\u0119\u017ck\u0105 wielotygodniow\u0105 prac\u0119 przez wyst\u0105pienie z koncertem patriotycznym w Centrum Szkolenia Policji w Legionowie, podczas legionowskich obchod\u00f3w \u015awi\u0119ta Niepodleg\u0142o\u015bci na Arenie Legionowo oraz w naszym ko\u015bciele po Mszy \u015aw. o godz. 11:00 w niedziel\u0119 19 listopada. Wsz\u0119dzie dzieci za swoj\u0105 [&hellip;]<\/p>\n","protected":false},"author":1,"featured_media":21343,"comment_status":"closed","ping_status":"closed","sticky":false,"template":"","format":"standard","meta":{"footnotes":""},"categories":[2],"tags":[],"class_list":["post-21370","post","type-post","status-publish","format-standard","has-post-thumbnail","hentry","category-aktualnosci"],"_links":{"self":[{"href":"https:\/\/mbfatimska.ovh\/index.php\/wp-json\/wp\/v2\/posts\/21370","targetHints":{"allow":["GET"]}}],"collection":[{"href":"https:\/\/mbfatimska.ovh\/index.php\/wp-json\/wp\/v2\/posts"}],"about":[{"href":"https:\/\/mbfatimska.ovh\/index.php\/wp-json\/wp\/v2\/types\/post"}],"author":[{"embeddable":true,"href":"https:\/\/mbfatimska.ovh\/index.php\/wp-json\/wp\/v2\/users\/1"}],"replies":[{"embeddable":true,"href":"https:\/\/mbfatimska.ovh\/index.php\/wp-json\/wp\/v2\/comments?post=21370"}],"version-history":[{"count":0,"href":"https:\/\/mbfatimska.ovh\/index.php\/wp-json\/wp\/v2\/posts\/21370\/revisions"}],"wp:featuredmedia":[{"embeddable":true,"href":"https:\/\/mbfatimska.ovh\/index.php\/wp-json\/wp\/v2\/media\/21343"}],"wp:attachment":[{"href":"https:\/\/mbfatimska.ovh\/index.php\/wp-json\/wp\/v2\/media?parent=21370"}],"wp:term":[{"taxonomy":"category","embeddable":true,"href":"https:\/\/mbfatimska.ovh\/index.php\/wp-json\/wp\/v2\/categories?post=21370"},{"taxonomy":"post_tag","embeddable":true,"href":"https:\/\/mbfatimska.ovh\/index.php\/wp-json\/wp\/v2\/tags?post=21370"}],"curies":[{"name":"wp","href":"https:\/\/api.w.org\/{rel}","templated":true}]}}