{"id":21377,"date":"2023-12-01T11:46:55","date_gmt":"2023-12-01T10:46:55","guid":{"rendered":"https:\/\/www.mbfatimska.pl\/?p=21377"},"modified":"2023-12-01T11:46:55","modified_gmt":"2023-12-01T10:46:55","slug":"goscie-z-afryki","status":"publish","type":"post","link":"https:\/\/mbfatimska.ovh\/index.php\/2023\/12\/01\/goscie-z-afryki\/","title":{"rendered":"Go\u015bcie z Afryki"},"content":{"rendered":"<p>W niedziel\u0119 26 listopada w Uroczysto\u015bci Jezusa Chrystusa Kr\u00f3la wszech\u015bwiata na Mszy \u015aw o godzinie 11:00 12:30 go\u015bcili\u015bmy naszych braci i siostry z Afryki z Kamerunu, Kenii, Togo, Wybrze\u017ca Ko\u015bci S\u0142oniowej z duszpasterzem O.Erykiem ze Zgromadzenia Ojc\u00f3w Werbist\u00f3w. Nasi go\u015bcie zapewnili opraw\u0119 Mszy \u015aw. a p\u00f3\u017aniej dali kr\u00f3tki koncert pie\u015bni \u015bpiewanych w j\u0119zykach afryka\u0144skich ale r\u00f3wnie\u017c w j\u0119zyku francuskim czy angielskim. Mogli\u015bmy wszyscy uczestniczy\u0107 w ich rado\u015bci wielbienia Pana Boga i prze\u017cywania eucharystii.<\/p>\n<p><a href=\"https:\/\/www.mbfatimska.pl\/goscie-z-afryki-2\/\" target=\"_blank\" rel=\"noopener\">Galeria zdj\u0119\u0107<\/a><\/p>\n","protected":false},"excerpt":{"rendered":"<p>W niedziel\u0119 26 listopada w Uroczysto\u015bci Jezusa Chrystusa Kr\u00f3la wszech\u015bwiata na Mszy \u015aw o godzinie 11:00 12:30 go\u015bcili\u015bmy naszych braci i siostry z Afryki z Kamerunu, Kenii, Togo, Wybrze\u017ca Ko\u015bci S\u0142oniowej z duszpasterzem O.Erykiem ze Zgromadzenia Ojc\u00f3w Werbist\u00f3w. Nasi go\u015bcie zapewnili opraw\u0119 Mszy \u015aw. a p\u00f3\u017aniej dali kr\u00f3tki koncert pie\u015bni \u015bpiewanych w j\u0119zykach afryka\u0144skich ale [&hellip;]<\/p>\n","protected":false},"author":1,"featured_media":21387,"comment_status":"closed","ping_status":"closed","sticky":false,"template":"","format":"standard","meta":{"footnotes":""},"categories":[2],"tags":[],"class_list":["post-21377","post","type-post","status-publish","format-standard","has-post-thumbnail","hentry","category-aktualnosci"],"_links":{"self":[{"href":"https:\/\/mbfatimska.ovh\/index.php\/wp-json\/wp\/v2\/posts\/21377","targetHints":{"allow":["GET"]}}],"collection":[{"href":"https:\/\/mbfatimska.ovh\/index.php\/wp-json\/wp\/v2\/posts"}],"about":[{"href":"https:\/\/mbfatimska.ovh\/index.php\/wp-json\/wp\/v2\/types\/post"}],"author":[{"embeddable":true,"href":"https:\/\/mbfatimska.ovh\/index.php\/wp-json\/wp\/v2\/users\/1"}],"replies":[{"embeddable":true,"href":"https:\/\/mbfatimska.ovh\/index.php\/wp-json\/wp\/v2\/comments?post=21377"}],"version-history":[{"count":0,"href":"https:\/\/mbfatimska.ovh\/index.php\/wp-json\/wp\/v2\/posts\/21377\/revisions"}],"wp:featuredmedia":[{"embeddable":true,"href":"https:\/\/mbfatimska.ovh\/index.php\/wp-json\/wp\/v2\/media\/21387"}],"wp:attachment":[{"href":"https:\/\/mbfatimska.ovh\/index.php\/wp-json\/wp\/v2\/media?parent=21377"}],"wp:term":[{"taxonomy":"category","embeddable":true,"href":"https:\/\/mbfatimska.ovh\/index.php\/wp-json\/wp\/v2\/categories?post=21377"},{"taxonomy":"post_tag","embeddable":true,"href":"https:\/\/mbfatimska.ovh\/index.php\/wp-json\/wp\/v2\/tags?post=21377"}],"curies":[{"name":"wp","href":"https:\/\/api.w.org\/{rel}","templated":true}]}}