{"id":21380,"date":"2023-12-03T07:19:51","date_gmt":"2023-12-03T06:19:51","guid":{"rendered":"https:\/\/www.mbfatimska.pl\/?p=21380"},"modified":"2023-12-03T07:19:51","modified_gmt":"2023-12-03T06:19:51","slug":"i-niedziela-adwentu-4","status":"publish","type":"post","link":"https:\/\/mbfatimska.ovh\/index.php\/2023\/12\/03\/i-niedziela-adwentu-4\/","title":{"rendered":"I niedziela adwentu"},"content":{"rendered":"<p>1.\tDzisiejsz\u0105 niedziel\u0105 rozpoczynamy adwent. Ten czas ma nas przygotowa\u0107 do uroczysto\u015bci Bo\u017cego Narodzenia oraz powt\u00f3rnego przyj\u015bcia  Chrystusa  na \u015bwiat na ko\u0144cu czas\u00f3w.  W adwencie zapraszamy na Msze \u015bwi\u0119te roratnie w poniedzia\u0142ki, \u015brody i pi\u0105tki o godz. 06.50, a we wtorki, czwartki i soboty o godz. 18.00. Na te szczeg\u00f3lne Msze \u015bwi\u0119te zabierzmy ze sob\u0105 lampiony.  Dzi\u0119kujemy osobom  niepe\u0142nosprawnym i ich wychowawcom z Warsztat\u00f3w Terapii Zaj\u0119ciowej \u015bw. Rity za zrobienie dekoracji adwentowej.<br \/>\n2.\tJeszcze dzisiaj, z racji I niedzieli miesi\u0105ca, po Mszy  \u015bwi\u0119tej o godz. 12.30 adoracja Naj\u015bwi\u0119tszego Sakramentu do godz. 17.45, a o godz. 17.00 katecheza dla m\u0142odzie\u017cy przed sakramentem bierzmowania.<br \/>\n3.\tJutro,  w poniedzia\u0142ek, o godz. 19.00 w ko\u015bciele spotkanie organizacyjno-formacyjne dla rodzic\u00f3w dzieci komunijnych.<br \/>\n4.\tJutro w godz. 18.00 \u2013 20.00 b\u0119dzie przyjmowa\u0142 bezp\u0142atnie psycholog w budynku Centrum Wsparcia Fizycznego.<br \/>\n5.\tR\u00f3wnie\u017c jutro, w poniedzia\u0142ek, o godz. 19.00 kolejne spotkanie z cyklu \u201eOto ca\u0142a ja\u201d u Si\u00f3str Misjonarek \u015awi\u0119tej Rodziny przy ul. Sowi\u0144skiego 17. Zaproszenie skierowane jest do dziewczyn i kobiet w wieku 14-30 lat. W planie \u015bwiadectwo i \u201eSpotkanie sam na sam z Nim\u201d, czyli adoracja. Szczeg\u00f3\u0142y na plakatach i w mediach spo\u0142eczno\u015bciowych.<br \/>\n6.\tW \u015brod\u0119 b\u0119dziemy oddawa\u0107 cze\u015b\u0107 \u015bw. Miko\u0142ajowi, kt\u00f3rego wszyscy lubimy i kochamy. To wtedy dostajemy od niego prezenty. Mo\u017ce do nas przyjdzie \u015bw. Miko\u0142aj i to ju\u017c z samego rana.<br \/>\n7.\tW czwartek zosta\u0142y po\u015bwi\u0119cone op\u0142atki, a ju\u017c od tej niedzieli przedstawiciele parafii b\u0119d\u0105 je roznosi\u0107 po naszych domach. Prosimy o \u017cyczliwe ich przyj\u0119cie, a nawet ugoszczenie.<br \/>\n8.\tR\u00f3wnie\u017c przed ko\u015bcio\u0142em mo\u017cemy od dzisiaj zakupi\u0107 \u015bwiece na st\u00f3\u0142 wigilijny.<br \/>\n9.\t8 grudnia, w pi\u0105tek, obchodzimy w Ko\u015bciele uroczysto\u015b\u0107 Niepokalanego Pocz\u0119cia Naj\u015bwi\u0119tszej Maryi Panny. Dzie\u0144 ten \u0142\u0105czy si\u0119 z objawieniami Maryi z 8 grudnia 1947 roku. Maryja powiedzia\u0142a: \u017bycz\u0119 sobie, aby ka\u017cdego roku w dniu 8 grudnia w po\u0142udnie obchodzono Godzin\u0119 \u0141aski dla ca\u0142ego \u015bwiata. Dzi\u0119ki modlitwie w tej godzinie ze\u015bl\u0119 wiele \u0142ask dla duszy i cia\u0142a. B\u0119d\u0105 masowe nawr\u00f3cenia. Zapraszamy zatem na godz. 12.00 na wsp\u00f3ln\u0105 Eucharysti\u0119, a p\u00f3\u017aniej wsp\u00f3lne modlitwy.<br \/>\n10.\tRekolekcje w naszej parafii odb\u0119d\u0105 si\u0119 w czwartek, pi\u0105tek i sobot\u0119 (14, 15, 16 grudnia) przed III niedziel\u0105 adwentu. Nauki rekolekcyjne przez wszystkie dni rekolekcji b\u0119d\u0105 g\u0142oszone o godz. 09.00, 16.30 dla dzieci, o godz. 18.00 i 19.45. Rekolekcje przeprowadzi ks. dr Grzegorz Kaczorowski \u2013 dyrektor O\u015brodka Caritas w Popowie.<br \/>\n11.\tW czwartek I czwartek miesi\u0105ca. Po Mszy \u015bwi\u0119tej o godz. 18.00 wystawienie Naj\u015bwi\u0119tszego Sakramentu, koronka do Bo\u017cego Mi\u0142osierdzia i mo\u017cliwo\u015b\u0107 adoracji Naj\u015bwi\u0119tszego Sakramentu do godz. 21.00.<br \/>\n12.\tW przysz\u0142\u0105 niedziel\u0119 odb\u0119d\u0105 si\u0119 nast\u0119puj\u0105ce spotkanie: o godz. 10.25 katecheza dla dzieci komunijnych.<br \/>\n13.\tR\u00f3wnie\u017c w przysz\u0142\u0105 niedziel\u0119 po Mszach \u015bwi\u0119tych o godz. 09.00, 11.00 i 12.30 seniorzy z Klubu Seniora AMICUS zapraszaj\u0105 nas na kiermasz. B\u0119dziemy mogli nie tylko zobaczy\u0107 wytw\u00f3r ich tw\u00f3rczo\u015bci, ale r\u00f3wnie\u017c zakupi\u0107 stroiki, ozdoby choinkowe, pierniki, ikony i inne przedmioty na prezenty \u015bwi\u0105teczne.<br \/>\n14.\tW dalszym ci\u0105gu zach\u0119camy do zapisywania si\u0119 w zakrystii na wyjazd do naszego seminarium  w dniu 10 grudnia na sztuk\u0119 wystawian\u0105 przez kleryk\u00f3w III roku. B\u0119dzie to niebywa\u0142a okazja uczestniczy\u0107 w sztuce oraz zwiedzi\u0107 seminarium.<br \/>\n15.\tW dniach 16-17 grudnia w Urz\u0119dzie Miasta b\u0119d\u0105 przeprowadzone bezp\u0142atne przesiewowe badania zaburze\u0144 statyki i postaw cia\u0142a u dzieci w wieku od 5 do 15 roku \u017cycia. Wi\u0119cej informacji na plakacie.<br \/>\n16.\tW pi\u0105tek i w sobot\u0119 w Biedronce i Kauflandzie na Piaskach by\u0142a przeprowadzona zbi\u00f3rka \u017cywno\u015bci z my\u015bl\u0105 o biedniejszych mieszka\u0144cach naszego miasta. Dzi\u0119kujemy wolontariuszom, m\u0142odzie\u017cy, osobom niepe\u0142nosprawnym, seniorom i przedstawicielom grup parafialnych za w\u0142\u0105czenie si\u0119 w akcj\u0119 i zbieranie \u017cywno\u015bci. Dzi\u0119kujemy tym, kt\u00f3rzy robi\u0105c zakupy potrafili przekaza\u0107 je na ten cel. Jak\u017ce by\u0142y wzruszaj\u0105ce momenty, kiedy kto\u015b ca\u0142y w\u00f3zek z zakupami potrafi\u0142 przekaza\u0107 wolontariuszom. . By\u0142y i takie chwile, kiedy starsza osoba podesz\u0142a do wolontariusza i przeprasza\u0142a, \u017ce nic nie kupi\u0142a bo nie mia\u0142a za du\u017co pieni\u0119dzy, ale przekaza\u0142a 5 z\u0142. To taki wdowi grosz. Dzi\u0119kujemy Wam wszystkim. W czasie rekolekcji adwentowych dary te b\u0119d\u0105 przekazane osobom potrzebuj\u0105cym.<br \/>\n17.\tZa tydzie\u0144 ofiary sk\u0142adane na tac\u0119 przeznaczone b\u0119d\u0105 na Ko\u015bci\u00f3\u0142 na Wschodzie, a wi\u0119c w g\u0142\u0119bi Rosji, Kazachstanie, Bia\u0142orusi czy Ukrainie.<br \/>\n18.\tWiele os\u00f3b pyta jak mog\u0105 w\u0142\u0105czy\u0107 si\u0119 w \u017cycie parafii jako wolontariusze? Na stolikach za \u0142awkami wy\u0142o\u017cone s\u0105 kartki \u2013 karty zg\u0142oszeniowe na wolontariusza. Prosz\u0119 o wype\u0142nienie ich je\u015bli chcemy w\u0142\u0105czy\u0107 si\u0119 w wolontariat i wrzuci\u0107 je do skarbony za \u0142awkami do \u015bwi\u0105t Bo\u017cego Narodzenia. Z g\u00f3ry dzi\u0119kujemy.<\/p>\n","protected":false},"excerpt":{"rendered":"<p>1. Dzisiejsz\u0105 niedziel\u0105 rozpoczynamy adwent. Ten czas ma nas przygotowa\u0107 do uroczysto\u015bci Bo\u017cego Narodzenia oraz powt\u00f3rnego przyj\u015bcia Chrystusa na \u015bwiat na ko\u0144cu czas\u00f3w. W adwencie zapraszamy na Msze \u015bwi\u0119te roratnie w poniedzia\u0142ki, \u015brody i pi\u0105tki o godz. 06.50, a we wtorki, czwartki i soboty o godz. 18.00. Na te szczeg\u00f3lne Msze \u015bwi\u0119te zabierzmy ze sob\u0105 [&hellip;]<\/p>\n","protected":false},"author":1,"featured_media":30657,"comment_status":"closed","ping_status":"closed","sticky":false,"template":"","format":"standard","meta":{"footnotes":""},"categories":[2,14],"tags":[],"class_list":["post-21380","post","type-post","status-publish","format-standard","has-post-thumbnail","hentry","category-aktualnosci","category-ogloszenia-parafialne"],"_links":{"self":[{"href":"https:\/\/mbfatimska.ovh\/index.php\/wp-json\/wp\/v2\/posts\/21380","targetHints":{"allow":["GET"]}}],"collection":[{"href":"https:\/\/mbfatimska.ovh\/index.php\/wp-json\/wp\/v2\/posts"}],"about":[{"href":"https:\/\/mbfatimska.ovh\/index.php\/wp-json\/wp\/v2\/types\/post"}],"author":[{"embeddable":true,"href":"https:\/\/mbfatimska.ovh\/index.php\/wp-json\/wp\/v2\/users\/1"}],"replies":[{"embeddable":true,"href":"https:\/\/mbfatimska.ovh\/index.php\/wp-json\/wp\/v2\/comments?post=21380"}],"version-history":[{"count":0,"href":"https:\/\/mbfatimska.ovh\/index.php\/wp-json\/wp\/v2\/posts\/21380\/revisions"}],"wp:featuredmedia":[{"embeddable":true,"href":"https:\/\/mbfatimska.ovh\/index.php\/wp-json\/wp\/v2\/media\/30657"}],"wp:attachment":[{"href":"https:\/\/mbfatimska.ovh\/index.php\/wp-json\/wp\/v2\/media?parent=21380"}],"wp:term":[{"taxonomy":"category","embeddable":true,"href":"https:\/\/mbfatimska.ovh\/index.php\/wp-json\/wp\/v2\/categories?post=21380"},{"taxonomy":"post_tag","embeddable":true,"href":"https:\/\/mbfatimska.ovh\/index.php\/wp-json\/wp\/v2\/tags?post=21380"}],"curies":[{"name":"wp","href":"https:\/\/api.w.org\/{rel}","templated":true}]}}