{"id":21414,"date":"2023-12-10T07:13:03","date_gmt":"2023-12-10T06:13:03","guid":{"rendered":"https:\/\/www.mbfatimska.pl\/?p=21414"},"modified":"2023-12-10T07:13:03","modified_gmt":"2023-12-10T06:13:03","slug":"ii-niedziela-adwentu-4","status":"publish","type":"post","link":"https:\/\/mbfatimska.ovh\/index.php\/2023\/12\/10\/ii-niedziela-adwentu-4\/","title":{"rendered":"II niedziela adwentu"},"content":{"rendered":"<p>1.\tTrwa adwent. Zapraszamy do udzia\u0142u we Mszach \u015bwi\u0119tych roratnich. W poniedzia\u0142ki, \u015brody i pi\u0105tki o godz. 6.50, a we wtorki, czwartki i soboty o godz. 18.00. W tym tygodniu z racji na rekolekcje Msze \u015bwi\u0119te roratnie b\u0119d\u0105 sprawowane w czwartek, pi\u0105tek i sobot\u0119 o godz. 18.00.<br \/>\n2.\tDzisiaj po Mszach \u015bwi\u0119tych o godz. 9.00, 11.00 i 12.30 seniorzy z Klubu Seniora AMICUS przed ko\u015bcio\u0142em prezentuj\u0105 swoj\u0105 tw\u00f3rczo\u015b\u0107. R\u00f3wnie\u017c zach\u0119camy do zapoznania si\u0119 z ich w\u0142asnor\u0119cznie wykonanymi ozdobami, stroikami czy ikonami.<br \/>\n3.\t6 grudnia na Mszy \u015bwi\u0119tej o godz. 6.50 na zako\u0144czenie rorat przyby\u0142 \u015bw. Miko\u0142aj ku uciesze dzieci. Nasz hojny \u015bwi\u0119ty przyni\u00f3s\u0142 70 paczek w kt\u00f3rych by\u0142y gry i s\u0142odycze. Dzi\u0119kujemy \u015bw. Miko\u0142ajowi za jego dobro\u0107 i otwarte serce.<br \/>\n4.\tWe wtorek w godz. 17.00-19.00 w budynku Centrum wsparcia fizycznego nieodp\u0142atnie b\u0119dzie przyjmowa\u0142 prawnik.<br \/>\n5.\tW tym tygodniu rozpoczynamy rekolekcje adwentowe. Nauki rekolekcyjne b\u0119d\u0105 g\u0142oszone w czwartek, pi\u0105tek i sobot\u0119 o godz. 9.00, 16.30 dla dzieci, o 18.00 i 19.45. W sobot\u0119 od godz. 11.00 pragniemy odwiedzi\u0107 chorych z pos\u0142ug\u0105 sakramentaln\u0105. Nazwiska i adresy chorych prosimy o zg\u0142oszenie do \u015brody w\u0142\u0105cznie.<br \/>\n6.\tJeszcze w tym tygodniu delegaci parafii b\u0119d\u0105 roznosi\u0107 op\u0142atki na st\u00f3\u0142 wigilijny. Op\u0142atek mo\u017cna r\u00f3wnie\u017c zakupi\u0107 od dzisiaj przed ko\u015bcio\u0142em oraz w zakrystii.<br \/>\n7.\tW czwartek i pi\u0105tek na Mszy \u015bwi\u0119tej rekolekcyjnej o godz. 9.00 uczestnicy Warsztatu Terapii Zaj\u0119ciowej \u015bw. Rity przed ko\u015bcio\u0142em zapraszaj\u0105 nas na kiermasz swoich prac. B\u0119d\u0105 r\u00f3\u017cne przedmioty wytworzone przez naszych podopiecznych: szopki, stroiki, ozdoby \u015bwi\u0105teczne, ikony i wiele innych cennych rzeczy.<br \/>\n8.\tW sobot\u0119 o godz. 10.00 zapraszamy na kolejne warsztaty kulinarno-cukiernicze. To ostatnia mo\u017cliwo\u015b\u0107 nauczenia si\u0119 robienia \u015bwi\u0105tecznych wypiek\u00f3w. Serdecznie zapraszamy ca\u0142e rodziny.<br \/>\n9.\tW przysz\u0142\u0105 niedziel\u0119 o godz. 16.00 schola, bielanki i ministranci b\u0119d\u0105 mieli swoje spotkanie \u015bwi\u0105teczne. Zaczniemy wsp\u00f3ln\u0105 modlitw\u0105 w ko\u015bciele, a nast\u0119pnie w salce b\u0119dzie pocz\u0119stunek. Na spotkanie ma przyby\u0107 \u015bw. Miko\u0142aj z prezentami.<br \/>\n10.\tW przysz\u0142\u0105 niedziel\u0119 o godz. 10.25 odb\u0119dzie si\u0119 spotkanie dla dzieci klas IV szko\u0142y podstawowej przed rocznic\u0105 Komunii \u015bwi\u0119tej.<br \/>\n11.\tR\u00f3wnie\u017c za tydzie\u0144, w niedziel\u0119 Gaudete, po wieczornej Mszy \u015bwi\u0119tej o godz. 18.00 zapraszamy na wiecz\u00f3r uwielbienia z Maryj\u0105, przygotowany przez parafialn\u0105 wsp\u00f3lnot\u0119 Odnowy w Duchu \u015awi\u0119tym \u201eDzieci Maryi\u201d. Zach\u0119camy do wsp\u00f3lnej modlitwy, \u015bpiewu i rozwa\u017cania S\u0142owa Bo\u017cego.<br \/>\n12.\t\u017bywno\u015b\u0107 dla os\u00f3b ubogich z naszej parafii b\u0119dzie wydawana we wtorek 19 grudnia w godz. 14.00-16.00. Je\u015bli kto\u015b wie o takiej osobie potrzebuj\u0105cej to prosz\u0119 j\u0105 powiadomi\u0107. R\u00f3wnie\u017c je\u015bli s\u0105 takie osoby poza parafi\u0105 to tak\u017ce je wspomo\u017cemy. Niech na \u015bwi\u0119ta nie b\u0119dzie osoby g\u0142odnej, a wszystkim towarzyszy my\u015bl, \u017ce s\u0105 jeszcze tacy, kt\u00f3rych los os\u00f3b potrzebuj\u0105cych obchodzi.<\/p>\n","protected":false},"excerpt":{"rendered":"<p>1. Trwa adwent. Zapraszamy do udzia\u0142u we Mszach \u015bwi\u0119tych roratnich. W poniedzia\u0142ki, \u015brody i pi\u0105tki o godz. 6.50, a we wtorki, czwartki i soboty o godz. 18.00. W tym tygodniu z racji na rekolekcje Msze \u015bwi\u0119te roratnie b\u0119d\u0105 sprawowane w czwartek, pi\u0105tek i sobot\u0119 o godz. 18.00. 2. Dzisiaj po Mszach \u015bwi\u0119tych o godz. 9.00, [&hellip;]<\/p>\n","protected":false},"author":1,"featured_media":30657,"comment_status":"closed","ping_status":"closed","sticky":false,"template":"","format":"standard","meta":{"footnotes":""},"categories":[2,14],"tags":[],"class_list":["post-21414","post","type-post","status-publish","format-standard","has-post-thumbnail","hentry","category-aktualnosci","category-ogloszenia-parafialne"],"_links":{"self":[{"href":"https:\/\/mbfatimska.ovh\/index.php\/wp-json\/wp\/v2\/posts\/21414","targetHints":{"allow":["GET"]}}],"collection":[{"href":"https:\/\/mbfatimska.ovh\/index.php\/wp-json\/wp\/v2\/posts"}],"about":[{"href":"https:\/\/mbfatimska.ovh\/index.php\/wp-json\/wp\/v2\/types\/post"}],"author":[{"embeddable":true,"href":"https:\/\/mbfatimska.ovh\/index.php\/wp-json\/wp\/v2\/users\/1"}],"replies":[{"embeddable":true,"href":"https:\/\/mbfatimska.ovh\/index.php\/wp-json\/wp\/v2\/comments?post=21414"}],"version-history":[{"count":0,"href":"https:\/\/mbfatimska.ovh\/index.php\/wp-json\/wp\/v2\/posts\/21414\/revisions"}],"wp:featuredmedia":[{"embeddable":true,"href":"https:\/\/mbfatimska.ovh\/index.php\/wp-json\/wp\/v2\/media\/30657"}],"wp:attachment":[{"href":"https:\/\/mbfatimska.ovh\/index.php\/wp-json\/wp\/v2\/media?parent=21414"}],"wp:term":[{"taxonomy":"category","embeddable":true,"href":"https:\/\/mbfatimska.ovh\/index.php\/wp-json\/wp\/v2\/categories?post=21414"},{"taxonomy":"post_tag","embeddable":true,"href":"https:\/\/mbfatimska.ovh\/index.php\/wp-json\/wp\/v2\/tags?post=21414"}],"curies":[{"name":"wp","href":"https:\/\/api.w.org\/{rel}","templated":true}]}}