{"id":21419,"date":"2023-12-13T07:03:27","date_gmt":"2023-12-13T06:03:27","guid":{"rendered":"https:\/\/www.mbfatimska.pl\/?p=21419"},"modified":"2023-12-13T07:03:27","modified_gmt":"2023-12-13T06:03:27","slug":"rekolekcje-adwentowe-2023","status":"publish","type":"post","link":"https:\/\/mbfatimska.ovh\/index.php\/2023\/12\/13\/rekolekcje-adwentowe-2023\/","title":{"rendered":"REKOLEKCJE ADWENTOWE 2023"},"content":{"rendered":"<p>REKOLEKCJE ADWENTOWE<br \/>\n14-16 GRUDNIA 2023<\/p>\n<p>14 GRUDNIA 2023 (CZWARTEK)<br \/>\n09.00 \u2013 MSZA \u015aWI\u0118TA Z NAUK\u0104 OG\u00d3LN\u0104<br \/>\n16.30 \u2013 MSZA \u015aWI\u0118TA Z NAUK\u0104 DLA DZIECI\/DZIECI KOMUNIJNE OTRZYMUJ\u0104 R\u00d3\u017bA\u0143CE\/<br \/>\n18.00 \u2013 MSZA \u015aWI\u0118TA Z NAUK\u0104 OG\u00d3LN\u0104 (RORATY)<br \/>\n19.45 \u2013 MSZA \u015aWI\u0118TA Z NAUK\u0104 OG\u00d3LN\u0104<br \/>\n________________________________________<br \/>\n15 GRUDNIA 2023 (PI\u0104TEK)<br \/>\n09.00 \u2013 MSZA \u015aWI\u0118TA Z NAUK\u0104 OG\u00d3LN\u0104<br \/>\n16.30 \u2013 MSZA \u015aWI\u0118TA Z NAUK\u0104 DLA DZIECI\/DZIECI KOMUNIJNE OTRZYMUJ\u0104 \u0141A\u0143CUSZKI,MEDALIKI,KRZY\u017bYKI\/<br \/>\n18.00 \u2013 MSZA \u015aWI\u0118TA Z NAUK\u0104 OG\u00d3LN\u0104 (RORATY)<br \/>\n19.45 \u2013 MSZA \u015aWI\u0118TA Z NAUK\u0104 OG\u00d3LN\u0104<br \/>\n________________________________________<br \/>\n16 GRUDNIA 2023 (SOBOTA)<br \/>\n9.00 \u2013 MSZA \u015aWI\u0118TA Z NAUK\u0104 OG\u00d3LN\u0104<br \/>\n16.30 \u2013 MSZA \u015aWI\u0118TA Z NAUK\u0104 DLA DZIECI\/DZIECI KOMUNIJNE I ROCZNICOWE OTRZYMUJ\u0104 PAMI\u0104TKOWE ALBUMIKI\/<br \/>\n18.00 \u2013 MSZA \u015aWI\u0118TA Z NAUK\u0104 OG\u00d3LN\u0104 (RORATY)<br \/>\n19.45 \u2013 MSZA \u015aWI\u0118TA Z NAUK\u0104 OG\u00d3LN\u0104<\/p>\n<p>DO SAKRAMENTU POKUTY MO\u017bNA PRZYST\u0104PI\u0106 PODCZAS KA\u017bDEJ MSZY \u015aWI\u0118TEJ.<br \/>\nW SOBOT\u0118, GODZINACH 11.00-13.00, ODWIEDZINY CHORYCH Z POS\u0141UG\u0104 SAKRAMENTALN\u0104.<br \/>\nADRESY PROSIMY ZG\u0141ASZA\u0106 DO \u015aRODY W ZAKRYSTII.<\/p>\n","protected":false},"excerpt":{"rendered":"<p>REKOLEKCJE ADWENTOWE 14-16 GRUDNIA 2023 14 GRUDNIA 2023 (CZWARTEK) 09.00 \u2013 MSZA \u015aWI\u0118TA Z NAUK\u0104 OG\u00d3LN\u0104 16.30 \u2013 MSZA \u015aWI\u0118TA Z NAUK\u0104 DLA DZIECI\/DZIECI KOMUNIJNE OTRZYMUJ\u0104 R\u00d3\u017bA\u0143CE\/ 18.00 \u2013 MSZA \u015aWI\u0118TA Z NAUK\u0104 OG\u00d3LN\u0104 (RORATY) 19.45 \u2013 MSZA \u015aWI\u0118TA Z NAUK\u0104 OG\u00d3LN\u0104 ________________________________________ 15 GRUDNIA 2023 (PI\u0104TEK) 09.00 \u2013 MSZA \u015aWI\u0118TA Z NAUK\u0104 OG\u00d3LN\u0104 16.30 [&hellip;]<\/p>\n","protected":false},"author":1,"featured_media":30657,"comment_status":"closed","ping_status":"closed","sticky":false,"template":"","format":"standard","meta":{"footnotes":""},"categories":[2],"tags":[],"class_list":["post-21419","post","type-post","status-publish","format-standard","has-post-thumbnail","hentry","category-aktualnosci"],"_links":{"self":[{"href":"https:\/\/mbfatimska.ovh\/index.php\/wp-json\/wp\/v2\/posts\/21419","targetHints":{"allow":["GET"]}}],"collection":[{"href":"https:\/\/mbfatimska.ovh\/index.php\/wp-json\/wp\/v2\/posts"}],"about":[{"href":"https:\/\/mbfatimska.ovh\/index.php\/wp-json\/wp\/v2\/types\/post"}],"author":[{"embeddable":true,"href":"https:\/\/mbfatimska.ovh\/index.php\/wp-json\/wp\/v2\/users\/1"}],"replies":[{"embeddable":true,"href":"https:\/\/mbfatimska.ovh\/index.php\/wp-json\/wp\/v2\/comments?post=21419"}],"version-history":[{"count":0,"href":"https:\/\/mbfatimska.ovh\/index.php\/wp-json\/wp\/v2\/posts\/21419\/revisions"}],"wp:featuredmedia":[{"embeddable":true,"href":"https:\/\/mbfatimska.ovh\/index.php\/wp-json\/wp\/v2\/media\/30657"}],"wp:attachment":[{"href":"https:\/\/mbfatimska.ovh\/index.php\/wp-json\/wp\/v2\/media?parent=21419"}],"wp:term":[{"taxonomy":"category","embeddable":true,"href":"https:\/\/mbfatimska.ovh\/index.php\/wp-json\/wp\/v2\/categories?post=21419"},{"taxonomy":"post_tag","embeddable":true,"href":"https:\/\/mbfatimska.ovh\/index.php\/wp-json\/wp\/v2\/tags?post=21419"}],"curies":[{"name":"wp","href":"https:\/\/api.w.org\/{rel}","templated":true}]}}