{"id":21423,"date":"2023-12-01T17:45:07","date_gmt":"2023-12-01T16:45:07","guid":{"rendered":"https:\/\/www.mbfatimska.pl\/?p=21423"},"modified":"2023-12-01T17:45:07","modified_gmt":"2023-12-01T16:45:07","slug":"rozpoczynamy-adwent","status":"publish","type":"post","link":"https:\/\/mbfatimska.ovh\/index.php\/2023\/12\/01\/rozpoczynamy-adwent\/","title":{"rendered":"Rozpoczynamy Adwent"},"content":{"rendered":"<p>     Rozpocz\u0105\u0142 si\u0119 Adwent. O tym szczeg\u00f3lnym czasie m\u00f3wi\u0105 r\u00f3wnie\u017c dekoracje w ko\u015bciele. Nie ma tam kwiat\u00f3w, ale pojawia si\u0119 wieniec adwentowy z czterema \u015bwiecami, kt\u00f3re symbolizuj\u0105 4 niedziele adwentu. W naszym ko\u015bciele tegoroczny wystr\u00f3j na adwent zrobili uczestnicy Warsztatu Terapii Zaj\u0119ciowej \u015bw. Rity wraz z opiekunami. Jeste\u015bmy im bardzo wdzi\u0119czni za ich trosk\u0119 i prac\u0119. To nie koniec. R\u00f3wnie\u017c podj\u0119li si\u0119 trudu wykonania tradycyjnego \u017c\u0142\u00f3bka dla Dzieci\u0105tka Jezus. Koncepcja ju\u017c jest. Prace rusz\u0105 z pocz\u0105tkiem trzeciego tygodnia adwentu.<\/p>\n","protected":false},"excerpt":{"rendered":"<p>Rozpocz\u0105\u0142 si\u0119 Adwent. O tym szczeg\u00f3lnym czasie m\u00f3wi\u0105 r\u00f3wnie\u017c dekoracje w ko\u015bciele. Nie ma tam kwiat\u00f3w, ale pojawia si\u0119 wieniec adwentowy z czterema \u015bwiecami, kt\u00f3re symbolizuj\u0105 4 niedziele adwentu. W naszym ko\u015bciele tegoroczny wystr\u00f3j na adwent zrobili uczestnicy Warsztatu Terapii Zaj\u0119ciowej \u015bw. Rity wraz z opiekunami. Jeste\u015bmy im bardzo wdzi\u0119czni za ich trosk\u0119 i prac\u0119. [&hellip;]<\/p>\n","protected":false},"author":1,"featured_media":30657,"comment_status":"closed","ping_status":"closed","sticky":false,"template":"","format":"standard","meta":{"footnotes":""},"categories":[2],"tags":[],"class_list":["post-21423","post","type-post","status-publish","format-standard","has-post-thumbnail","hentry","category-aktualnosci"],"_links":{"self":[{"href":"https:\/\/mbfatimska.ovh\/index.php\/wp-json\/wp\/v2\/posts\/21423","targetHints":{"allow":["GET"]}}],"collection":[{"href":"https:\/\/mbfatimska.ovh\/index.php\/wp-json\/wp\/v2\/posts"}],"about":[{"href":"https:\/\/mbfatimska.ovh\/index.php\/wp-json\/wp\/v2\/types\/post"}],"author":[{"embeddable":true,"href":"https:\/\/mbfatimska.ovh\/index.php\/wp-json\/wp\/v2\/users\/1"}],"replies":[{"embeddable":true,"href":"https:\/\/mbfatimska.ovh\/index.php\/wp-json\/wp\/v2\/comments?post=21423"}],"version-history":[{"count":0,"href":"https:\/\/mbfatimska.ovh\/index.php\/wp-json\/wp\/v2\/posts\/21423\/revisions"}],"wp:featuredmedia":[{"embeddable":true,"href":"https:\/\/mbfatimska.ovh\/index.php\/wp-json\/wp\/v2\/media\/30657"}],"wp:attachment":[{"href":"https:\/\/mbfatimska.ovh\/index.php\/wp-json\/wp\/v2\/media?parent=21423"}],"wp:term":[{"taxonomy":"category","embeddable":true,"href":"https:\/\/mbfatimska.ovh\/index.php\/wp-json\/wp\/v2\/categories?post=21423"},{"taxonomy":"post_tag","embeddable":true,"href":"https:\/\/mbfatimska.ovh\/index.php\/wp-json\/wp\/v2\/tags?post=21423"}],"curies":[{"name":"wp","href":"https:\/\/api.w.org\/{rel}","templated":true}]}}