{"id":21426,"date":"2023-12-04T21:25:39","date_gmt":"2023-12-04T20:25:39","guid":{"rendered":"https:\/\/www.mbfatimska.pl\/?p=21426"},"modified":"2023-12-04T21:25:39","modified_gmt":"2023-12-04T20:25:39","slug":"nasza-adwentowa-droga","status":"publish","type":"post","link":"https:\/\/mbfatimska.ovh\/index.php\/2023\/12\/04\/nasza-adwentowa-droga\/","title":{"rendered":"Nasza adwentowa droga"},"content":{"rendered":"<p>W okresie adwentu w ko\u015bcio\u0142ach sprawowane s\u0105 specjalne Msze \u015bwi\u0119te roratnie ku czci Matki Bo\u017cej. W naszej parafii w poniedzia\u0142ki, \u015brody i pi\u0105tki s\u0105 one odprawiane o godz. 6.50, a we wtorki, czwartki i soboty o godz. 18.00. Cieszymy si\u0119, \u017ce spora grupa dzieci uczestniczy w tych Mszach \u015bwi\u0119tych. W tym roku z okazji 800-tnej rocznicy powstania pierwszej szopki wybudowanej przez \u015bw. Franciszka, budujemy pod kierunkiem tego szczeg\u00f3lnego \u015bwi\u0119tego szopk\u0119 w naszym \u017cyciu \u2013 miejsce, gdzie ma narodzi\u0107 si\u0119 Pan Jezus. Wsp\u00f3lnie poznajemy poszczeg\u00f3lne etapy \u017cycia \u015bw. Franciszka, kt\u00f3re r\u00f3wnie\u017c mamy przej\u015b\u0107 w naszym \u017cyciu.<br \/>\nDzieci po ka\u017cdym nabo\u017ce\u0144stwie otrzymuj\u0105 karteczki, kt\u00f3re wklejaj\u0105 do specjalnego kalendarza. Po \u015bwi\u0119tach, dla uczestnik\u00f3w spotka\u0144 roratnich, b\u0119d\u0105 nagrody. W czasie ka\u017cdej Mszy \u015bwi\u0119tej jest przeprowadzany konkurs. Ze wszystkich prawid\u0142owych odpowiedzi losowane s\u0105 dwie osoby, kt\u00f3re na ca\u0142\u0105 dob\u0119 mog\u0105 zabra\u0107 do swojego domu ikon\u0119 \u015awi\u0119tej Rodziny i \u015bw. J\u00f3zefa z Dzieci\u0105tkiem Jezus. W ten spos\u00f3b dzieci wraz z domownikami zapraszaj\u0105 \u015awi\u0119t\u0105 Rodzin\u0119 do swojej rodziny, domu, aby Bo\u017ca moc sp\u0142ywa\u0142a na wszystkich domownik\u00f3w. Na nast\u0119pne spotkanie dzieci przynosz\u0105 ikony, aby nast\u0119pne dzieci, bior\u0105ce udzia\u0142 w konkursie, mog\u0142y z rado\u015bci\u0105 przyj\u0105\u0107 szczeg\u00f3lnych \u015awi\u0119tych do swego domu i mieszkania.<\/p>\n<p><a href=\"https:\/\/www.mbfatimska.pl\/nasza-adwentowa-droga-2\/\" target=\"_blank\" rel=\"noopener\">Galeria zdj\u0119\u0107<\/a><\/p>\n","protected":false},"excerpt":{"rendered":"<p>W okresie adwentu w ko\u015bcio\u0142ach sprawowane s\u0105 specjalne Msze \u015bwi\u0119te roratnie ku czci Matki Bo\u017cej. W naszej parafii w poniedzia\u0142ki, \u015brody i pi\u0105tki s\u0105 one odprawiane o godz. 6.50, a we wtorki, czwartki i soboty o godz. 18.00. Cieszymy si\u0119, \u017ce spora grupa dzieci uczestniczy w tych Mszach \u015bwi\u0119tych. W tym roku z okazji 800-tnej [&hellip;]<\/p>\n","protected":false},"author":1,"featured_media":30657,"comment_status":"closed","ping_status":"closed","sticky":false,"template":"","format":"standard","meta":{"footnotes":""},"categories":[2],"tags":[],"class_list":["post-21426","post","type-post","status-publish","format-standard","has-post-thumbnail","hentry","category-aktualnosci"],"_links":{"self":[{"href":"https:\/\/mbfatimska.ovh\/index.php\/wp-json\/wp\/v2\/posts\/21426","targetHints":{"allow":["GET"]}}],"collection":[{"href":"https:\/\/mbfatimska.ovh\/index.php\/wp-json\/wp\/v2\/posts"}],"about":[{"href":"https:\/\/mbfatimska.ovh\/index.php\/wp-json\/wp\/v2\/types\/post"}],"author":[{"embeddable":true,"href":"https:\/\/mbfatimska.ovh\/index.php\/wp-json\/wp\/v2\/users\/1"}],"replies":[{"embeddable":true,"href":"https:\/\/mbfatimska.ovh\/index.php\/wp-json\/wp\/v2\/comments?post=21426"}],"version-history":[{"count":0,"href":"https:\/\/mbfatimska.ovh\/index.php\/wp-json\/wp\/v2\/posts\/21426\/revisions"}],"wp:featuredmedia":[{"embeddable":true,"href":"https:\/\/mbfatimska.ovh\/index.php\/wp-json\/wp\/v2\/media\/30657"}],"wp:attachment":[{"href":"https:\/\/mbfatimska.ovh\/index.php\/wp-json\/wp\/v2\/media?parent=21426"}],"wp:term":[{"taxonomy":"category","embeddable":true,"href":"https:\/\/mbfatimska.ovh\/index.php\/wp-json\/wp\/v2\/categories?post=21426"},{"taxonomy":"post_tag","embeddable":true,"href":"https:\/\/mbfatimska.ovh\/index.php\/wp-json\/wp\/v2\/tags?post=21426"}],"curies":[{"name":"wp","href":"https:\/\/api.w.org\/{rel}","templated":true}]}}