{"id":21428,"date":"2023-12-17T07:12:17","date_gmt":"2023-12-17T06:12:17","guid":{"rendered":"https:\/\/www.mbfatimska.pl\/?p=21428"},"modified":"2023-12-17T07:12:17","modified_gmt":"2023-12-17T06:12:17","slug":"iii-niedziela-adwentu-4","status":"publish","type":"post","link":"https:\/\/mbfatimska.ovh\/index.php\/2023\/12\/17\/iii-niedziela-adwentu-4\/","title":{"rendered":"III niedziela adwentu"},"content":{"rendered":"<p>1.\tW dniu wczorajszym zako\u0144czyli\u015bmy doroczne rekolekcje. Dzi\u0119kujemy tym wszystkim, kt\u00f3rzy wzi\u0119li udzia\u0142 w tym szczeg\u00f3lnym czasie. Dzi\u0119kujemy za spowied\u017a, Komuni\u0119 \u015bwi\u0119t\u0105, za obecno\u015b\u0107.  Dzi\u0119kujemy spowiednikom za ich pos\u0142ug\u0119 w konfesjonale.<br \/>\n2.\tJeszcze dzisiaj o godz. 10.25 katecheza dla dzieci klas IV szko\u0142y podstawowej przed Komuni\u0105 \u015bwi\u0119t\u0105 rocznicow\u0105.<br \/>\n3.\tR\u00f3wnie\u017c dzisiaj zapraszamy na godz. 19.00 na wiecz\u00f3r uwielbienia z Maryj\u0105. B\u0119dziemy si\u0119 modli\u0107 tekstami Pisma \u015bwi\u0119tego, pie\u015bniami. B\u0119dzie czas na adoracj\u0119 Naj\u015bwi\u0119tszego Sakramentu. Organizatorem adoracji jest wsp\u00f3lnota Odnowa w Duchu \u015awi\u0119tym.<br \/>\n4.\tW dalszym ci\u0105gu zapraszamy na Msze \u015bwi\u0119te roratnie. W poniedzia\u0142ek, \u015brod\u0119 i pi\u0105tek o godz. 6.50, a we wtorek, czwartek i sobot\u0119 o godz. 18.00.<br \/>\n5.\t\u017bywno\u015b\u0107 dla os\u00f3b ubogich z naszej parafii b\u0119dzie wydawana we wtorek 19 grudnia w godz. 14.00-16.00 w gara\u017cu obok plebanii. Je\u015bli kto\u015b wie o takiej osobie potrzebuj\u0105cej to prosz\u0119 j\u0105 powiadomi\u0107. R\u00f3wnie\u017c je\u015bli s\u0105 takie osoby poza parafi\u0105 to tak\u017ce je wspomo\u017cemy. Niech na \u015bwi\u0119ta nie b\u0119dzie osoby g\u0142odnej, a wszystkim towarzyszy my\u015bl, \u017ce s\u0105 jeszcze tacy, kt\u00f3rych los os\u00f3b potrzebuj\u0105cych obchodzi.<br \/>\n6.\tR\u00f3wnie\u017c we wtorek zapraszamy, tak jak ka\u017cdego 19 dnia miesi\u0105ca, na nabo\u017ce\u0144stwo do \u015bw. J\u00f3zefa patrona ma\u0142\u017ce\u0144stw i rodzin po Mszy \u015bwi\u0119tej o godz. 18.00.<br \/>\n7.\tW pi\u0105tek, 22 grudnia, zapraszamy na nabo\u017ce\u0144stwo do \u015bw. Rity. Na Mszy \u015bwi\u0119tej o godz. 18.00 b\u0119d\u0105 po\u015bwi\u0119cone r\u00f3\u017ce, kt\u00f3re b\u0119dzie mo\u017cna zakupi\u0107 przed Eucharysti\u0105. Po Mszy \u015bwi\u0119tej modlitwy do patronki spraw trudnych i beznadziejnych.<br \/>\n8.\tZa tydzie\u0144 Wigilia i IV niedziela adwentu. Mimo, \u017ce to niedziela, dzie\u0144 \u015bwi\u0105teczny, zach\u0119camy do zachowania postnego charakteru tego dnia i samej wieczerzy wigilijnej. Tego dnia Msze \u015bwi\u0119te tylko do po\u0142udnia czyli o godz. 07.30, 09.00, 11.00, 12.30. Nie b\u0119dzie Mszy \u015bwi\u0119tej o godz. 18.00. Pasterka o godz. 24.00, wcze\u015bniej o godz. 23.15 wsp\u00f3lnie b\u0119dziemy modli\u0107 si\u0119 na r\u00f3\u017ca\u0144cu oczekuj\u0105c na Msz\u0119 \u015bwi\u0119t\u0105 obwieszczaj\u0105c\u0105 narodziny Jezusa Chrystusa.<br \/>\n9.\t25 grudnia, w dzie\u0144 Bo\u017cego Narodzenia, Msze \u015bwi\u0119te o godz. 09.00, 11.00, 12.30 i 18.00. Nie b\u0119dzie Mszy \u015bwi\u0119tej o godz. 07.30. Drugiego dnia \u015bwi\u0105t uk\u0142ad Mszy \u015bwi\u0119tych niedzielny tj. godz. 07.30, 09.00, 11.00, 12.30 i 18.00.<br \/>\n10.\tKol\u0119da \u2013 wizyta duszpasterska \u2013 w naszej parafii rozpocznie si\u0119 po Nowym Roku. Zaczniemy od ul. Plantowej i ul. Gen. Roi. Kol\u0119d\u0119 zako\u0144czymy na Stanis\u0142awowie II.<br \/>\n11.\tSerdecznie dzi\u0119kujemy Panu Waldemarowi Tobi\u015b  za rozwieszenie i monta\u017c \u015bwi\u0105tecznych dekoracji wok\u00f3\u0142 ko\u015bcio\u0142a oraz za instalacj\u0119 i o\u015bwietlenie choinki na schodach prowadz\u0105cych do ko\u015bcio\u0142a.<br \/>\n12.\tNa poniedzia\u0142ek i wtorek, na godz. 08.00 zapraszamy do wsp\u00f3lnych prac porz\u0105dkowych, a zw\u0142aszcza dekoracji \u015bwi\u0105tyni na \u015bwi\u0119ta.<\/p>\n","protected":false},"excerpt":{"rendered":"<p>1. W dniu wczorajszym zako\u0144czyli\u015bmy doroczne rekolekcje. Dzi\u0119kujemy tym wszystkim, kt\u00f3rzy wzi\u0119li udzia\u0142 w tym szczeg\u00f3lnym czasie. Dzi\u0119kujemy za spowied\u017a, Komuni\u0119 \u015bwi\u0119t\u0105, za obecno\u015b\u0107. Dzi\u0119kujemy spowiednikom za ich pos\u0142ug\u0119 w konfesjonale. 2. Jeszcze dzisiaj o godz. 10.25 katecheza dla dzieci klas IV szko\u0142y podstawowej przed Komuni\u0105 \u015bwi\u0119t\u0105 rocznicow\u0105. 3. R\u00f3wnie\u017c dzisiaj zapraszamy na godz. 19.00 [&hellip;]<\/p>\n","protected":false},"author":1,"featured_media":30657,"comment_status":"closed","ping_status":"closed","sticky":false,"template":"","format":"standard","meta":{"footnotes":""},"categories":[2,14],"tags":[],"class_list":["post-21428","post","type-post","status-publish","format-standard","has-post-thumbnail","hentry","category-aktualnosci","category-ogloszenia-parafialne"],"_links":{"self":[{"href":"https:\/\/mbfatimska.ovh\/index.php\/wp-json\/wp\/v2\/posts\/21428","targetHints":{"allow":["GET"]}}],"collection":[{"href":"https:\/\/mbfatimska.ovh\/index.php\/wp-json\/wp\/v2\/posts"}],"about":[{"href":"https:\/\/mbfatimska.ovh\/index.php\/wp-json\/wp\/v2\/types\/post"}],"author":[{"embeddable":true,"href":"https:\/\/mbfatimska.ovh\/index.php\/wp-json\/wp\/v2\/users\/1"}],"replies":[{"embeddable":true,"href":"https:\/\/mbfatimska.ovh\/index.php\/wp-json\/wp\/v2\/comments?post=21428"}],"version-history":[{"count":0,"href":"https:\/\/mbfatimska.ovh\/index.php\/wp-json\/wp\/v2\/posts\/21428\/revisions"}],"wp:featuredmedia":[{"embeddable":true,"href":"https:\/\/mbfatimska.ovh\/index.php\/wp-json\/wp\/v2\/media\/30657"}],"wp:attachment":[{"href":"https:\/\/mbfatimska.ovh\/index.php\/wp-json\/wp\/v2\/media?parent=21428"}],"wp:term":[{"taxonomy":"category","embeddable":true,"href":"https:\/\/mbfatimska.ovh\/index.php\/wp-json\/wp\/v2\/categories?post=21428"},{"taxonomy":"post_tag","embeddable":true,"href":"https:\/\/mbfatimska.ovh\/index.php\/wp-json\/wp\/v2\/tags?post=21428"}],"curies":[{"name":"wp","href":"https:\/\/api.w.org\/{rel}","templated":true}]}}