{"id":21447,"date":"2023-12-20T09:57:13","date_gmt":"2023-12-20T08:57:13","guid":{"rendered":"https:\/\/www.mbfatimska.pl\/?p=21447"},"modified":"2023-12-20T09:57:13","modified_gmt":"2023-12-20T08:57:13","slug":"rekolekcje-adwentowe-2","status":"publish","type":"post","link":"https:\/\/mbfatimska.ovh\/index.php\/2023\/12\/20\/rekolekcje-adwentowe-2\/","title":{"rendered":"Rekolekcje adwentowe"},"content":{"rendered":"<p>      Adwent to nie tylko czas czuwania i oczekiwania, ale tak\u017ce czas prostowania dr\u00f3g naszego \u017cycia. Ka\u017cdego roku przygotowujemy si\u0119 na przyj\u015bcie Pana Jezusa nie tylko podczas Mszy \u015bwi\u0119tych roratnich, ale tak\u017ce podczas rekolekcji adwentowych, kt\u00f3re odby\u0142y si\u0119 w dniach `14-16 grudnia. Poprowadzi\u0142 je ks. dr Grzegorz Kaczorowski, dyrektor o\u015brodka charytatywno-szkoleniowego Caritas w Popowie. Przez trzy dni podczas Mszy \u015bwi\u0119tych wyg\u0142oszone by\u0142y nauki rekolekcyjne. By\u0142 to tak\u017ce szczeg\u00f3lny czas spowiedzi adwentowej. <\/p>\n","protected":false},"excerpt":{"rendered":"<p>Adwent to nie tylko czas czuwania i oczekiwania, ale tak\u017ce czas prostowania dr\u00f3g naszego \u017cycia. Ka\u017cdego roku przygotowujemy si\u0119 na przyj\u015bcie Pana Jezusa nie tylko podczas Mszy \u015bwi\u0119tych roratnich, ale tak\u017ce podczas rekolekcji adwentowych, kt\u00f3re odby\u0142y si\u0119 w dniach `14-16 grudnia. Poprowadzi\u0142 je ks. dr Grzegorz Kaczorowski, dyrektor o\u015brodka charytatywno-szkoleniowego Caritas w Popowie. Przez trzy [&hellip;]<\/p>\n","protected":false},"author":1,"featured_media":30657,"comment_status":"closed","ping_status":"closed","sticky":false,"template":"","format":"standard","meta":{"footnotes":""},"categories":[2],"tags":[],"class_list":["post-21447","post","type-post","status-publish","format-standard","has-post-thumbnail","hentry","category-aktualnosci"],"_links":{"self":[{"href":"https:\/\/mbfatimska.ovh\/index.php\/wp-json\/wp\/v2\/posts\/21447","targetHints":{"allow":["GET"]}}],"collection":[{"href":"https:\/\/mbfatimska.ovh\/index.php\/wp-json\/wp\/v2\/posts"}],"about":[{"href":"https:\/\/mbfatimska.ovh\/index.php\/wp-json\/wp\/v2\/types\/post"}],"author":[{"embeddable":true,"href":"https:\/\/mbfatimska.ovh\/index.php\/wp-json\/wp\/v2\/users\/1"}],"replies":[{"embeddable":true,"href":"https:\/\/mbfatimska.ovh\/index.php\/wp-json\/wp\/v2\/comments?post=21447"}],"version-history":[{"count":0,"href":"https:\/\/mbfatimska.ovh\/index.php\/wp-json\/wp\/v2\/posts\/21447\/revisions"}],"wp:featuredmedia":[{"embeddable":true,"href":"https:\/\/mbfatimska.ovh\/index.php\/wp-json\/wp\/v2\/media\/30657"}],"wp:attachment":[{"href":"https:\/\/mbfatimska.ovh\/index.php\/wp-json\/wp\/v2\/media?parent=21447"}],"wp:term":[{"taxonomy":"category","embeddable":true,"href":"https:\/\/mbfatimska.ovh\/index.php\/wp-json\/wp\/v2\/categories?post=21447"},{"taxonomy":"post_tag","embeddable":true,"href":"https:\/\/mbfatimska.ovh\/index.php\/wp-json\/wp\/v2\/tags?post=21447"}],"curies":[{"name":"wp","href":"https:\/\/api.w.org\/{rel}","templated":true}]}}