{"id":21484,"date":"2023-12-21T09:41:10","date_gmt":"2023-12-21T08:41:10","guid":{"rendered":"https:\/\/www.mbfatimska.pl\/?p=21484"},"modified":"2023-12-21T09:41:10","modified_gmt":"2023-12-21T08:41:10","slug":"21484-2","status":"publish","type":"post","link":"https:\/\/mbfatimska.ovh\/index.php\/2023\/12\/21\/21484-2\/","title":{"rendered":""},"content":{"rendered":"<div dir=\"auto\">UWIELBIENIE Z MARYJ\u0104 17.12.23<\/div>\n<div dir=\"auto\">Raduje si\u0119 dusza ma, wielbi Pana mego&#8230;<\/div>\n<div dir=\"auto\">Z takimi oto s\u0142owami w sercu<\/div>\n<div dir=\"auto\">\u00a0zako\u0144czyli\u015bmy kolejne UWIELBIENIE Z MARYJ\u0104. Bogu niech b\u0119d\u0105 dzi\u0119ki za ten wsp\u00f3lny czas modlitwy, za jej owoce, kt\u00f3re ju\u017c dzi\u015b mo\u017cemy rozpozna\u0107 tj. rado\u015b\u0107, mi\u0142o\u015b\u0107, pok\u00f3j serca, wdzi\u0119czno\u015b\u0107 oraz te, kt\u00f3re s\u0105 jeszcze przed nami zakryte.<\/div>\n<div dir=\"auto\">Dzi\u0119kujemy za wsp\u00f3ln\u0105 modlitw\u0119.<\/div>\n<div dir=\"auto\"><img fetchpriority=\"high\" decoding=\"async\" class=\"alignnone size-full wp-image-21485\" src=\"http:\/\/www.mbfatimska.pl\/wp-content\/uploads\/2023\/12\/received_909240827275096.jpeg\" alt=\"\" width=\"1026\" height=\"1539\" \/> <img decoding=\"async\" class=\"alignnone size-full wp-image-21486\" src=\"http:\/\/www.mbfatimska.pl\/wp-content\/uploads\/2023\/12\/received_1157147241926897-scaled.jpeg\" alt=\"\" width=\"2560\" height=\"1707\" \/> <img decoding=\"async\" class=\"alignnone size-full wp-image-21487\" src=\"http:\/\/www.mbfatimska.pl\/wp-content\/uploads\/2023\/12\/received_1437028923835475-scaled.jpeg\" alt=\"\" width=\"1707\" height=\"2560\" \/> <img loading=\"lazy\" decoding=\"async\" class=\"alignnone size-full wp-image-21488\" src=\"http:\/\/www.mbfatimska.pl\/wp-content\/uploads\/2023\/12\/received_1539231316844894-scaled.jpeg\" alt=\"\" width=\"1707\" height=\"2560\" \/> <img loading=\"lazy\" decoding=\"async\" class=\"alignnone size-full wp-image-21489\" src=\"http:\/\/www.mbfatimska.pl\/wp-content\/uploads\/2023\/12\/received_334158399471161-scaled.jpeg\" alt=\"\" width=\"2560\" height=\"1707\" \/> <img loading=\"lazy\" decoding=\"async\" class=\"alignnone size-full wp-image-21490\" src=\"http:\/\/www.mbfatimska.pl\/wp-content\/uploads\/2023\/12\/received_375275024985676-scaled.jpeg\" alt=\"\" width=\"1707\" height=\"2560\" \/> <img loading=\"lazy\" decoding=\"async\" class=\"alignnone size-full wp-image-21491\" src=\"http:\/\/www.mbfatimska.pl\/wp-content\/uploads\/2023\/12\/received_680330210749513-scaled.jpeg\" alt=\"\" width=\"1707\" height=\"2560\" \/> <img loading=\"lazy\" decoding=\"async\" class=\"alignnone size-full wp-image-21492\" src=\"http:\/\/www.mbfatimska.pl\/wp-content\/uploads\/2023\/12\/received_735199408053937-scaled.jpeg\" alt=\"\" width=\"2560\" height=\"1707\" \/> <img loading=\"lazy\" decoding=\"async\" class=\"alignnone size-full wp-image-21493\" src=\"http:\/\/www.mbfatimska.pl\/wp-content\/uploads\/2023\/12\/received_906971694485683.jpeg\" alt=\"\" width=\"1151\" height=\"1727\" \/> <img loading=\"lazy\" decoding=\"async\" class=\"alignnone size-full wp-image-21494\" src=\"http:\/\/www.mbfatimska.pl\/wp-content\/uploads\/2023\/12\/received_1102868264220703-scaled.jpeg\" alt=\"\" width=\"2560\" height=\"1707\" \/> <img loading=\"lazy\" decoding=\"async\" class=\"alignnone size-full wp-image-21495\" src=\"http:\/\/www.mbfatimska.pl\/wp-content\/uploads\/2023\/12\/received_746583564033681-scaled.jpeg\" alt=\"\" width=\"1707\" height=\"2560\" \/><\/div>\n","protected":false},"excerpt":{"rendered":"<p>UWIELBIENIE Z MARYJ\u0104 17.12.23 Raduje si\u0119 dusza ma, wielbi Pana mego&#8230; Z takimi oto s\u0142owami w sercu \u00a0zako\u0144czyli\u015bmy kolejne UWIELBIENIE Z MARYJ\u0104. Bogu niech b\u0119d\u0105 dzi\u0119ki za ten wsp\u00f3lny czas modlitwy, za jej owoce, kt\u00f3re ju\u017c dzi\u015b mo\u017cemy rozpozna\u0107 tj. rado\u015b\u0107, mi\u0142o\u015b\u0107, pok\u00f3j serca, wdzi\u0119czno\u015b\u0107 oraz te, kt\u00f3re s\u0105 jeszcze przed nami zakryte. Dzi\u0119kujemy za [&hellip;]<\/p>\n","protected":false},"author":1,"featured_media":21495,"comment_status":"closed","ping_status":"closed","sticky":false,"template":"","format":"standard","meta":{"footnotes":""},"categories":[13],"tags":[],"class_list":["post-21484","post","type-post","status-publish","format-standard","has-post-thumbnail","hentry","category-odnowa-w-duchu-swietym"],"_links":{"self":[{"href":"https:\/\/mbfatimska.ovh\/index.php\/wp-json\/wp\/v2\/posts\/21484","targetHints":{"allow":["GET"]}}],"collection":[{"href":"https:\/\/mbfatimska.ovh\/index.php\/wp-json\/wp\/v2\/posts"}],"about":[{"href":"https:\/\/mbfatimska.ovh\/index.php\/wp-json\/wp\/v2\/types\/post"}],"author":[{"embeddable":true,"href":"https:\/\/mbfatimska.ovh\/index.php\/wp-json\/wp\/v2\/users\/1"}],"replies":[{"embeddable":true,"href":"https:\/\/mbfatimska.ovh\/index.php\/wp-json\/wp\/v2\/comments?post=21484"}],"version-history":[{"count":0,"href":"https:\/\/mbfatimska.ovh\/index.php\/wp-json\/wp\/v2\/posts\/21484\/revisions"}],"wp:featuredmedia":[{"embeddable":true,"href":"https:\/\/mbfatimska.ovh\/index.php\/wp-json\/wp\/v2\/media\/21495"}],"wp:attachment":[{"href":"https:\/\/mbfatimska.ovh\/index.php\/wp-json\/wp\/v2\/media?parent=21484"}],"wp:term":[{"taxonomy":"category","embeddable":true,"href":"https:\/\/mbfatimska.ovh\/index.php\/wp-json\/wp\/v2\/categories?post=21484"},{"taxonomy":"post_tag","embeddable":true,"href":"https:\/\/mbfatimska.ovh\/index.php\/wp-json\/wp\/v2\/tags?post=21484"}],"curies":[{"name":"wp","href":"https:\/\/api.w.org\/{rel}","templated":true}]}}