{"id":21498,"date":"2023-12-22T17:42:18","date_gmt":"2023-12-22T16:42:18","guid":{"rendered":"https:\/\/www.mbfatimska.pl\/?p=21498"},"modified":"2023-12-22T17:42:18","modified_gmt":"2023-12-22T16:42:18","slug":"uroczystosc-narodzenia-panskiego","status":"publish","type":"post","link":"https:\/\/mbfatimska.ovh\/index.php\/2023\/12\/22\/uroczystosc-narodzenia-panskiego\/","title":{"rendered":"Uroczysto\u015b\u0107 Narodzenia Pa\u0144skiego"},"content":{"rendered":"<p><strong><u>Uroczysto\u015b\u0107 Narodzenia Pa\u0144skiego<\/u><\/strong><\/p>\n<p>&nbsp;<\/p>\n<p><strong><u>24 grudnia \u2013 Wigilia<\/u><\/strong><\/p>\n<ul>\n<li><strong>Msze \u015bwi\u0119te:<\/strong><\/li>\n<\/ul>\n<p>&#8211; godz. 07.30, 09.00, 11.00, 12.30<\/p>\n<p>(nie b\u0119dzie Mszy \u015bwi\u0119tej o godz. 18.00)<\/p>\n<ul>\n<li><strong>Nabo\u017ce\u0144stwo r\u00f3\u017ca\u0144cowe:<\/strong><\/li>\n<\/ul>\n<p>&#8211; godz. 23.15<\/p>\n<p>&nbsp;<\/p>\n<p><strong><u>25 grudnia \u2013 Bo\u017ce Narodzenie<\/u><\/strong><\/p>\n<ul>\n<li><strong>Pasterka<\/strong> \u2013 godz. 00.00<\/li>\n<li><strong>Msze \u015bwi\u0119te:<\/strong><\/li>\n<\/ul>\n<p>&#8211; godz. 09.00, 11.00, 12.30, 18.00<\/p>\n<p>(nie b\u0119dzie Mszy \u015bwi\u0119tej o godz. 07.30)<\/p>\n<p>&nbsp;<\/p>\n<p><strong><u>26 grudnia <\/u><\/strong><\/p>\n<ul>\n<li><strong>Msze \u015bwi\u0119te wed\u0142ug porz\u0105dku niedzielnego:<\/strong><\/li>\n<\/ul>\n<p>&#8211; godz. 07.30, 09.00, 11.00, 12.30, 18.00<\/p>\n","protected":false},"excerpt":{"rendered":"<p>Uroczysto\u015b\u0107 Narodzenia Pa\u0144skiego &nbsp; 24 grudnia \u2013 Wigilia Msze \u015bwi\u0119te: &#8211; godz. 07.30, 09.00, 11.00, 12.30 (nie b\u0119dzie Mszy \u015bwi\u0119tej o godz. 18.00) Nabo\u017ce\u0144stwo r\u00f3\u017ca\u0144cowe: &#8211; godz. 23.15 &nbsp; 25 grudnia \u2013 Bo\u017ce Narodzenie Pasterka \u2013 godz. 00.00 Msze \u015bwi\u0119te: &#8211; godz. 09.00, 11.00, 12.30, 18.00 (nie b\u0119dzie Mszy \u015bwi\u0119tej o godz. 07.30) &nbsp; 26 [&hellip;]<\/p>\n","protected":false},"author":1,"featured_media":30657,"comment_status":"closed","ping_status":"closed","sticky":false,"template":"","format":"standard","meta":{"footnotes":""},"categories":[2],"tags":[],"class_list":["post-21498","post","type-post","status-publish","format-standard","has-post-thumbnail","hentry","category-aktualnosci"],"_links":{"self":[{"href":"https:\/\/mbfatimska.ovh\/index.php\/wp-json\/wp\/v2\/posts\/21498","targetHints":{"allow":["GET"]}}],"collection":[{"href":"https:\/\/mbfatimska.ovh\/index.php\/wp-json\/wp\/v2\/posts"}],"about":[{"href":"https:\/\/mbfatimska.ovh\/index.php\/wp-json\/wp\/v2\/types\/post"}],"author":[{"embeddable":true,"href":"https:\/\/mbfatimska.ovh\/index.php\/wp-json\/wp\/v2\/users\/1"}],"replies":[{"embeddable":true,"href":"https:\/\/mbfatimska.ovh\/index.php\/wp-json\/wp\/v2\/comments?post=21498"}],"version-history":[{"count":0,"href":"https:\/\/mbfatimska.ovh\/index.php\/wp-json\/wp\/v2\/posts\/21498\/revisions"}],"wp:featuredmedia":[{"embeddable":true,"href":"https:\/\/mbfatimska.ovh\/index.php\/wp-json\/wp\/v2\/media\/30657"}],"wp:attachment":[{"href":"https:\/\/mbfatimska.ovh\/index.php\/wp-json\/wp\/v2\/media?parent=21498"}],"wp:term":[{"taxonomy":"category","embeddable":true,"href":"https:\/\/mbfatimska.ovh\/index.php\/wp-json\/wp\/v2\/categories?post=21498"},{"taxonomy":"post_tag","embeddable":true,"href":"https:\/\/mbfatimska.ovh\/index.php\/wp-json\/wp\/v2\/tags?post=21498"}],"curies":[{"name":"wp","href":"https:\/\/api.w.org\/{rel}","templated":true}]}}