{"id":21500,"date":"2023-12-24T07:13:26","date_gmt":"2023-12-24T06:13:26","guid":{"rendered":"https:\/\/www.mbfatimska.pl\/?p=21500"},"modified":"2023-12-24T07:13:26","modified_gmt":"2023-12-24T06:13:26","slug":"iv-niedziela-adwentu-4","status":"publish","type":"post","link":"https:\/\/mbfatimska.ovh\/index.php\/2023\/12\/24\/iv-niedziela-adwentu-4\/","title":{"rendered":"IV niedziela Adwentu"},"content":{"rendered":"<p>1.\tDzisiejsza niedziela  jest IV niedziel\u0105 Adwentu, a zarazem Wigilia Bo\u017cego Narodzenia.Mimo, \u017ce to niedziela, dzie\u0144 \u015bwi\u0105teczny, zach\u0119camy do zachowania postnego charakteru tego dnia i samej wieczerzy wigilijnej. Msze \u015bwi\u0119te w tym dniu s\u0105 sprawowane do po\u0142udnia o godz. 7.30, 9.00, 11.00 i 12.30. Nie b\u0119dzie Mszy \u015bwi\u0119tej o godz. 18.00. Pasterka b\u0119dzie sprawowana o godz. 24.00 i zostanie poprzedzona nabo\u017ce\u0144stwem czuwania o godz. 23.15. W ramach nabo\u017ce\u0144stwa b\u0119dziemy si\u0119 modli\u0107 na r\u00f3\u017ca\u0144cu, rozwa\u017caj\u0105c tajemnice radosne.<br \/>\nI dnia \u015awi\u0105t nie b\u0119dzie Mszy  \u015bwi\u0119tej o godz. 7.30, a pozosta\u0142e Msze \u015bwi\u0119te wed\u0142ug porz\u0105dku niedzielnego, a wi\u0119c o godz. 9.00, 11.00, 12.30 i 18.00.<br \/>\nII dnia \u015awi\u0105t uk\u0142ad Mszy \u015bwi\u0119tych wed\u0142ug schematu niedzielnego: 7.30, 9.00, 11.00, 12.30 i 18.00.<br \/>\n2.\tDzi\u0119kujemy tym, kt\u00f3rzy  w minionym tygodniu trudzili si\u0119 przy porz\u0105dkach na terenie ko\u015bcielnym oraz przy dekoracji \u015bwi\u0105tyni. Pracy by\u0142o wiele, zw\u0142aszcza po silnych wiatrach, kt\u00f3re nawet zniszczy\u0142y udekorowan\u0105 choink\u0119 w schodach wiod\u0105cych do ko\u015bcio\u0142a i kt\u00f3r\u0105 niestety trzeba by\u0142o rozebra\u0107. Dzi\u0119kujemy za oprawienie choinek, nak\u0142adanie lampek. Dzi\u0119kujemy Warsztatowi Terapii Zaj\u0119ciowej \u015bw. Rity za wykonanie jak co roku szopki betlejemskiej. Dzi\u0119kujemy osobom niepe\u0142nosprawnym, jak i ich wychowawcom za g\u0142\u0119bok\u0105 trosk\u0119 i \u015bwi\u0105teczny wygl\u0105d naszej \u015bwi\u0105tyni.<br \/>\n3.\tW czwartek, 28 grudnia, zapraszamy na kolejne nabo\u017ce\u0144stwo do B\u0142. Kardyna\u0142a Stefana Wyszy\u0144skiego po Mszy \u015bwi\u0119tej o godz. 18.00.<br \/>\n4.\tW pi\u0105tek na Mszy \u015bwi\u0119tej o godz. 18.00 modli\u0107 si\u0119 b\u0119dziemy za naszych bliskich zmar\u0142ych polecanych w wypominkach rocznych.<br \/>\n5.\tW przysz\u0142\u0105 niedziel\u0119 obchodzi\u0107 b\u0119dziemy uroczysto\u015b\u0107  \u015awi\u0119tej Rodziny \u2013 Jezusa, Maryi i J\u00f3zefa. Zapraszamy na Msz\u0119 \u015bwi\u0119t\u0105 o godz. 12.30 ma\u0142\u017ce\u0144stwa i ca\u0142e rodziny, kt\u00f3re prze\u017cywa\u0142y w tym roku r\u00f3\u017cne jubileusze ma\u0142\u017ce\u0144skie. B\u0119dzie sposobno\u015b\u0107 w czasie Mszy \u015bwi\u0119tej odnowi\u0107 przyrzeczenia ma\u0142\u017ce\u0144skie oraz w spos\u00f3b szczeg\u00f3lny otrzyma\u0107 uroczyste Bo\u017ce b\u0142ogos\u0142awie\u0144stwo na dalsze lata \u017cycia ma\u0142\u017ce\u0144skiego i rodzinnego.<br \/>\n6.\tPrzysz\u0142a niedziela jest r\u00f3wnie\u017c ostatnim dniem ko\u0144cz\u0105cego si\u0119 2023 roku. Na Mszy \u015bwi\u0119tej o godz. 18.00 dokonamy podsumowania starego roku i poprosimy Boga o b\u0142ogos\u0142awie\u0144stwo na nowy rok.<br \/>\n7.\t1 stycznia, w Nowy Rok, Msze \u015bwi\u0119te b\u0119d\u0105 sprawowane o godz. 9.00, 11.00, 12.30 i 18.00. Nie b\u0119dzie tego dnia Mszy \u015bwi\u0119tej o godz. 7.30.<br \/>\n8.\tWizyta duszpasterska \u2013 kol\u0119da, w naszej parafii rozpocznie si\u0119 po Nowym Roku. Rozpoczynamy od tor\u00f3w kolejowych i stopniowo b\u0119dziemy przesuwa\u0107 si\u0119 do mieszka\u0144c\u00f3w Stanis\u0142awowa II. W kol\u0119dzie w tym roku, tak jak i w ubieg\u0142ym, pomaga\u0107 b\u0119d\u0105 nam ksi\u0119\u017ca Pallotyni, kt\u00f3rzy jak ks. Arkadiusz pomagaj\u0105 nam w pracy duszpasterskiej. Podajemy plan kol\u0119dy od 2 stycznia do 10 stycznia:<\/p>\n<p>\u2022\t02.01 wtorek \u2013 3 ksi\u0119\u017cy, godz. 16.00<br \/>\nul. Plantowa \u2013 1 ksi\u0105dz<br \/>\nul. Gen. Roi 4, 6, 8 -1 ksi\u0105dz<br \/>\nul. Gen. Roi 10, 12 \u2013 1 ksi\u0105dz<\/p>\n<p>\u2022\t03.01 \u015broda \u2013 3 ksi\u0119\u017cy<br \/>\nul. Gen. Roi 2, 2A \u2013 2 ksi\u0119\u017cy<br \/>\nul. W\u0105ska numery parzyste i ul. Balonowa \u2013 1 ksi\u0105dz<\/p>\n<p>\u2022\t04.01 czwartek \u2013 3 ksi\u0119\u017cy<br \/>\nul. Gen. Roi 14, 14A \u2013 1 ksi\u0105dz<br \/>\nul. Gen. Roi 16 \u2013 1 ksi\u0105dz<br \/>\nul. A. Wilcza \u2013 1 ksi\u0105dz<\/p>\n<p>\u2022\t05.01 pi\u0105tek \u2013 2 ksi\u0119\u017cy<br \/>\ngodz. 9.00 \u2013 ul. Dolna \u2013 1 ksi\u0105dz<br \/>\ngodz. 16.00 \u2013 ul. Gen. Roi 18, 20 \u2013 1 ksi\u0105dz<br \/>\ngodz. 16.00 \u2013 ul. Gen. Roi 22, 24 \u2013 1 ksi\u0105dz<\/p>\n<p>\u2022\t08.01 poniedzia\u0142ek \u2013 3 ksi\u0119\u017cy<br \/>\ngodz. 9.00 \u2013 ul. Obro\u0144c\u00f3w Lwowa i ul. Jasna \u2013 1 ksi\u0105dz<br \/>\ngodz. 16.00 \u2013 ul. Gen. Roi 26 \u2013 1 ksi\u0105dz<br \/>\ngodz. 16.00 \u2013 ul. Gen. Roi 28 \u2013 1 ksi\u0105dz<br \/>\ngodz. 16.00 \u2013 ul. S\u0142oneczna numery nieparzyste \u2013 1 ksi\u0105dz<\/p>\n<p>\u2022\t09.01 wtorek \u2013 3 ksi\u0119\u017cy<br \/>\ngodz. 9.00 \u2013 ul. Zegrzy\u0144ska numery parzyste + PIM \u2013 1 ksi\u0105dz<br \/>\ngodz. 16.00 \u2013 ul. Gen. Roi 34, 36 \u2013 1 ksi\u0105dz<br \/>\ngodz. 16.00 \u2013 ul. Gen. Roi 30, 32 &#8211; 1 ksi\u0105dz<br \/>\ngodz. 18.00 &#8211; ul. Gen Roi domki, ul. Spacerowa \u2013 1 ksi\u0105dz<\/p>\n<p>\u2022\t10.01 \u015broda \u2013 3 ksi\u0119\u017cy<br \/>\ngodz. 16.00 \u2013 ul. S\u0142oneczna numery parzyste \u2013 1 ksi\u0105dz<br \/>\ngodz. 16.00 \u2013 ul. Wrzosowa numery parzyste i nieparzyste, ul. Zaciszna \u2013 2 ksi\u0119\u017cy<\/p>\n","protected":false},"excerpt":{"rendered":"<p>1. Dzisiejsza niedziela jest IV niedziel\u0105 Adwentu, a zarazem Wigilia Bo\u017cego Narodzenia.Mimo, \u017ce to niedziela, dzie\u0144 \u015bwi\u0105teczny, zach\u0119camy do zachowania postnego charakteru tego dnia i samej wieczerzy wigilijnej. Msze \u015bwi\u0119te w tym dniu s\u0105 sprawowane do po\u0142udnia o godz. 7.30, 9.00, 11.00 i 12.30. Nie b\u0119dzie Mszy \u015bwi\u0119tej o godz. 18.00. Pasterka b\u0119dzie sprawowana o [&hellip;]<\/p>\n","protected":false},"author":1,"featured_media":30657,"comment_status":"closed","ping_status":"closed","sticky":false,"template":"","format":"standard","meta":{"footnotes":""},"categories":[2,14],"tags":[],"class_list":["post-21500","post","type-post","status-publish","format-standard","has-post-thumbnail","hentry","category-aktualnosci","category-ogloszenia-parafialne"],"_links":{"self":[{"href":"https:\/\/mbfatimska.ovh\/index.php\/wp-json\/wp\/v2\/posts\/21500","targetHints":{"allow":["GET"]}}],"collection":[{"href":"https:\/\/mbfatimska.ovh\/index.php\/wp-json\/wp\/v2\/posts"}],"about":[{"href":"https:\/\/mbfatimska.ovh\/index.php\/wp-json\/wp\/v2\/types\/post"}],"author":[{"embeddable":true,"href":"https:\/\/mbfatimska.ovh\/index.php\/wp-json\/wp\/v2\/users\/1"}],"replies":[{"embeddable":true,"href":"https:\/\/mbfatimska.ovh\/index.php\/wp-json\/wp\/v2\/comments?post=21500"}],"version-history":[{"count":0,"href":"https:\/\/mbfatimska.ovh\/index.php\/wp-json\/wp\/v2\/posts\/21500\/revisions"}],"wp:featuredmedia":[{"embeddable":true,"href":"https:\/\/mbfatimska.ovh\/index.php\/wp-json\/wp\/v2\/media\/30657"}],"wp:attachment":[{"href":"https:\/\/mbfatimska.ovh\/index.php\/wp-json\/wp\/v2\/media?parent=21500"}],"wp:term":[{"taxonomy":"category","embeddable":true,"href":"https:\/\/mbfatimska.ovh\/index.php\/wp-json\/wp\/v2\/categories?post=21500"},{"taxonomy":"post_tag","embeddable":true,"href":"https:\/\/mbfatimska.ovh\/index.php\/wp-json\/wp\/v2\/tags?post=21500"}],"curies":[{"name":"wp","href":"https:\/\/api.w.org\/{rel}","templated":true}]}}