{"id":21521,"date":"2023-12-31T07:14:02","date_gmt":"2023-12-31T06:14:02","guid":{"rendered":"https:\/\/www.mbfatimska.pl\/?p=21521"},"modified":"2023-12-31T07:14:02","modified_gmt":"2023-12-31T06:14:02","slug":"uroczystosc-swietej-rodziny-jezusa-maryi-i-jozefa","status":"publish","type":"post","link":"https:\/\/mbfatimska.ovh\/index.php\/2023\/12\/31\/uroczystosc-swietej-rodziny-jezusa-maryi-i-jozefa\/","title":{"rendered":"Uroczysto\u015b\u0107 \u015awi\u0119tej Rodziny \u2013 Jezusa, Maryi i J\u00f3zefa"},"content":{"rendered":"<p>1.\tDzisiaj obchodzona uroczysto\u015b\u0107 \u015awi\u0119tej Rodziny jest sposobno\u015bci\u0105, aby przyjrze\u0107 si\u0119 swym ma\u0142\u017ce\u0144stwom i rodzinom. Jakie one s\u0105? Co mo\u017ce nale\u017cy w nich zmieni\u0107 na lepsze? Zapraszamy na Msz\u0119 \u015bwi\u0119t\u0105 o godz. 12.30, gdzie w spos\u00f3b uroczysty b\u0119dzie mo\u017cna odnowi\u0107 swoje przyrzeczenia ma\u0142\u017ce\u0144skie, spojrze\u0107 sobie prosto w oczy i wyczyta\u0107 ile nas \u0142\u0105czy, a ile dzieli. Na koniec ka\u017cda para ma\u0142\u017ce\u0144ska otrzyma uroczyste b\u0142ogos\u0142awie\u0144stwo i pami\u0105tkowy album. Serdecznie zapraszamy.<br \/>\n2.\tR\u00f3wnie\u017c dzisiaj, ze wzgl\u0119du na ostatni dzie\u0144 roku 2023, na Mszy \u015bwi\u0119tej o godz. 18.00 dokonamy podsumowania ust\u0119puj\u0105cego roku, a po Mszy \u015bwi\u0119tej odb\u0119dzie si\u0119 nabo\u017ce\u0144stwo dzi\u0119kczynienia i przeb\u0142agania za to wszystko co by\u0142o tre\u015bci\u0105 mijaj\u0105cego roku 2023.<br \/>\n3.\tJutro 1 stycznia Nowy Rok. Jest to jednocze\u015bnie uroczysto\u015b\u0107 \u015awi\u0119tej Bo\u017cej Rodzicielki Maryi. Zapraszamy na Msze \u015bwi\u0119te o godz. 09.00, 11.00, 12.30 i 18.00. Tego dnia nie b\u0119dzie Mszy \u015bwi\u0119tej o godz. 07.30.<br \/>\n4.\tW zwi\u0105zku z rozpoczynaj\u0105c\u0105 si\u0119 w styczniu Kol\u0119d\u0105 &#8211; wizyt\u0105 duszpastersk\u0105, zmieniaj\u0105 si\u0119 godziny nabo\u017ce\u0144stw i godziny przyjmowania w kancelarii parafialnej:<br \/>\n\u2022\tMsze \u015bwi\u0119te w dni powszednie:<br \/>\n&#8211; od poniedzia\u0142ku do pi\u0105tku: godz. 07.30 i 18.00 (nie b\u0119dzie Mszy \u015bwi\u0119tej o godz. 17.00)<br \/>\n&#8211; w soboty: godz. 17.00 i 18.00<br \/>\n\u2022\tKancelaria parafialna:<br \/>\n&#8211; poniedzia\u0142ek, wtorek, \u015broda: godz.08.00 &#8211; 08.30<br \/>\n&#8211; sobota: godz. 16.00 &#8211; 16.45<br \/>\nPozosta\u0142e Msze \u015bwi\u0119te i nabo\u017ce\u0144stwa nie ulegaj\u0105 zmianom. W tym tygodniu, od 2 do 6 stycznia, ze wzgl\u0119du na \u015bwi\u0119to, kancelaria b\u0119dzie czynna w \u015brod\u0119 i czwartek od godz. 08.00 do godz. 08.30 i pi\u0105tek od godz. 16.15 do godz. 17.00.<br \/>\n5.\tW najbli\u017cszym tygodniu przypada:<br \/>\n&#8211; I czwartek miesi\u0105ca \u2013 po Mszy \u015bwi\u0119tej o godz. 18.00 wystawienie Naj\u015bwi\u0119tszego Sakramentu, modlitwa Koronk\u0105 do Bo\u017cego Mi\u0142osierdzia i mo\u017cliwo\u015b\u0107 adoracji do godz. 21.00<br \/>\n&#8211; I pi\u0105tek miesi\u0105ca \u2013 spowied\u017a rano od godz. 07.15 do godz. 08.00 i popo\u0142udniu od godz. 17.00 do godz. 18.30<br \/>\n&#8211; I sobota miesi\u0105ca \u2013 po Mszy \u015bwi\u0119tej o godz. 18.00 nabo\u017ce\u0144stwo wynagradzaj\u0105ce Niepokalanemu Sercu Maryi, po\u0142\u0105czone z adoracj\u0105 Naj\u015bwi\u0119tszego Sakramentu do godz. 20.15<br \/>\n&#8211; I niedziela miesi\u0105ca \u2013 po Mszy \u015bwi\u0119tej o godz. 12.30 adoracja Naj\u015bwi\u0119tszego Sakramentu do godz. 17.45<br \/>\n6.\tW I pi\u0105tek miesi\u0105ca o godz. 19.00 w ko\u015bciele konferencja przygotowuj\u0105ca do sakramentu chrztu \u015bwi\u0119tego. Bior\u0105 w niej udzia\u0142 rodzice dziecka, kt\u00f3re b\u0119dzie ochrzczone w naszej parafii b\u0105d\u017a b\u0119dzie brana zgoda na chrzest w innej parafii oraz kandydaci na rodzic\u00f3w chrzestnych.<br \/>\n7.\tW sobot\u0119, 6 stycznia, obchodzi\u0107 b\u0119dziemy uroczysto\u015b\u0107 Objawienia Pa\u0144skiego nazywana \u015bwi\u0119tem Trzech Kr\u00f3li. Tego dnia zapraszamy na Msze \u015bwi\u0119te o godz. 07.30, 09.00, 11.00, 12.30 i 18.00. Przed ko\u015bcio\u0142em b\u0119dzie mo\u017cna zaopatrzy\u0107 si\u0119 w kred\u0119 i kadzid\u0142o. Ofiary za kred\u0119 i kadzid\u0142o przeznaczone b\u0119d\u0105 na misje.<br \/>\n8.\tW Trzech Kr\u00f3li, po Mszy \u015bwi\u0119tej o godz. 11.00, nast\u0105pi podsumowanie uczestnictwa w Roratach dla dzieci. Dzieci proszone s\u0105 o przyniesienie wyklejanek roratnich. Przewidziane s\u0105 nagrody dla najbardziej wytrwa\u0142ych.<br \/>\n9.\t6 stycznia w uroczysto\u015b\u0107 Trzech Kr\u00f3li, po Mszy \u015bwi\u0119tej o godz. 12.30 wyst\u0105pi 30 osobowa grupa Teatru A3 z Hajn\u00f3wki z przedstawieniem bo\u017conarodzeniowym. Aktorzy ubrani w stroje regionalne i przebrani za anio\u0142y, \u015bmier\u0107, diab\u0142a, bociana, babuszk\u0119 i dziadka, koz\u0119 i \u017byda, b\u0119d\u0105 o\u017cywia\u0107 nasze spojrzenie na tajemnic\u0119 Bo\u017cego Narodzenia. B\u0119d\u0105 \u015bpiewane r\u00f3wnie\u017c kol\u0119dy i pastora\u0142ki, te znane i te pochodz\u0105ce z Podlasia, a nawet z zagranicy. Serdecznie zapraszamy na to przedstawienie.<br \/>\n10.\tZa tydzie\u0144 obchodzi\u0107 b\u0119dziemy uroczysto\u015b\u0107 Chrztu Pa\u0144skiego, kt\u00f3ra ko\u0144czy kr\u00f3tki cho\u0107 jak\u017ce radosny czas Bo\u017cego Narodzenia. Choinki, szopka, kol\u0119dy pozostaj\u0105 z nami jeszcze do 2 lutego, czyli do uroczysto\u015bci Ofiarowania Pa\u0144skiego.<br \/>\n11.\tW przysz\u0142\u0105 niedziel\u0119, po Mszy \u015bwi\u0119tej o godz. 11.00, nasza schola parafialna po\u0142\u0105czona z ch\u00f3rem szkolnym ze Szko\u0142y Podstawowej nr 8, dadz\u0105 kr\u00f3tki koncert kol\u0119d i pastora\u0142ek na kt\u00f3ry serdecznie zapraszamy.<br \/>\n12.\tW przysz\u0142\u0105 niedziel\u0119 o godz. 17.00 katecheza dla m\u0142odzie\u017cy przed sakramentem bierzmowania.<br \/>\n13.\tZe wzgl\u0119du na czas kol\u0119dowy spotkanie dla rodzic\u00f3w dzieci komunijnych odb\u0119dzie si\u0119 w niedziel\u0119 7 stycznia o godz. 19.00 w ko\u015bciele, a nie jak planowano wcze\u015bniej \u2013 8 stycznia.<\/p>\n","protected":false},"excerpt":{"rendered":"<p>1. Dzisiaj obchodzona uroczysto\u015b\u0107 \u015awi\u0119tej Rodziny jest sposobno\u015bci\u0105, aby przyjrze\u0107 si\u0119 swym ma\u0142\u017ce\u0144stwom i rodzinom. Jakie one s\u0105? Co mo\u017ce nale\u017cy w nich zmieni\u0107 na lepsze? Zapraszamy na Msz\u0119 \u015bwi\u0119t\u0105 o godz. 12.30, gdzie w spos\u00f3b uroczysty b\u0119dzie mo\u017cna odnowi\u0107 swoje przyrzeczenia ma\u0142\u017ce\u0144skie, spojrze\u0107 sobie prosto w oczy i wyczyta\u0107 ile nas \u0142\u0105czy, a ile [&hellip;]<\/p>\n","protected":false},"author":1,"featured_media":30657,"comment_status":"closed","ping_status":"closed","sticky":false,"template":"","format":"standard","meta":{"footnotes":""},"categories":[2,14],"tags":[],"class_list":["post-21521","post","type-post","status-publish","format-standard","has-post-thumbnail","hentry","category-aktualnosci","category-ogloszenia-parafialne"],"_links":{"self":[{"href":"https:\/\/mbfatimska.ovh\/index.php\/wp-json\/wp\/v2\/posts\/21521","targetHints":{"allow":["GET"]}}],"collection":[{"href":"https:\/\/mbfatimska.ovh\/index.php\/wp-json\/wp\/v2\/posts"}],"about":[{"href":"https:\/\/mbfatimska.ovh\/index.php\/wp-json\/wp\/v2\/types\/post"}],"author":[{"embeddable":true,"href":"https:\/\/mbfatimska.ovh\/index.php\/wp-json\/wp\/v2\/users\/1"}],"replies":[{"embeddable":true,"href":"https:\/\/mbfatimska.ovh\/index.php\/wp-json\/wp\/v2\/comments?post=21521"}],"version-history":[{"count":0,"href":"https:\/\/mbfatimska.ovh\/index.php\/wp-json\/wp\/v2\/posts\/21521\/revisions"}],"wp:featuredmedia":[{"embeddable":true,"href":"https:\/\/mbfatimska.ovh\/index.php\/wp-json\/wp\/v2\/media\/30657"}],"wp:attachment":[{"href":"https:\/\/mbfatimska.ovh\/index.php\/wp-json\/wp\/v2\/media?parent=21521"}],"wp:term":[{"taxonomy":"category","embeddable":true,"href":"https:\/\/mbfatimska.ovh\/index.php\/wp-json\/wp\/v2\/categories?post=21521"},{"taxonomy":"post_tag","embeddable":true,"href":"https:\/\/mbfatimska.ovh\/index.php\/wp-json\/wp\/v2\/tags?post=21521"}],"curies":[{"name":"wp","href":"https:\/\/api.w.org\/{rel}","templated":true}]}}