{"id":21524,"date":"2024-01-07T10:01:33","date_gmt":"2024-01-07T09:01:33","guid":{"rendered":"https:\/\/www.mbfatimska.pl\/?p=21524"},"modified":"2024-01-07T10:01:33","modified_gmt":"2024-01-07T09:01:33","slug":"niedziela-chrztu-panskiego-4","status":"publish","type":"post","link":"https:\/\/mbfatimska.ovh\/index.php\/2024\/01\/07\/niedziela-chrztu-panskiego-4\/","title":{"rendered":"Niedziela Chrztu Pa\u0144skiego"},"content":{"rendered":"<p>1.\tDzisiejsz\u0105 niedziel\u0105 ko\u0144czymy okres Bo\u017cego Narodzenia. Co prawda choinki i kol\u0119dy cho\u0107 w ograniczonym zakresie pozostaj\u0105 z nami do 2 lutego czyli do uroczysto\u015bci Ofiarowania Pa\u0144skiego.<br \/>\n2.\tJeszcze dzisiaj odb\u0119d\u0105 si\u0119 nast\u0119puj\u0105ce spotkania:<br \/>\n&#8211; o godz. 17.00 katecheza dla m\u0142odzie\u017cy przed sakramentem bierzmowania<br \/>\n&#8211; o godz. 19.00 dla rodzic\u00f3w dzieci komunijnych<br \/>\n3.\tZa tydzie\u0144 rozpoczynaj\u0105 si\u0119 ferie zimowe. W czasie ferii nie b\u0119dzie katechezy dla dzieci i m\u0142odzie\u017cy przygotowuj\u0105cych si\u0119 do sakrament\u00f3w \u015bwi\u0119tych. W ostatni\u0105 niedziel\u0119 ferii a zarazem stycznia o godz. 10.25 odb\u0119dzie si\u0119 katecheza dla dzieci klas III szko\u0142y podstawowej przed I Komuni\u0105 \u015bwi\u0119t\u0105.<br \/>\n4.\tW okresie ferii zimowych zapraszamy dzieci do skorzystania z oferty naszej \u015bwietlicy. Zaj\u0119cia b\u0119d\u0105 si\u0119 odbywa\u0107 od poniedzia\u0142ku do pi\u0105tku w godz. 09.00-14.00. W programie: zaj\u0119cia plastyczne, sportowe, rekreacyjne, gry, zabawy, wyjazdy do park\u00f3w rozrywki, do kina, muze\u00f3w. Serdecznie zapraszamy.<br \/>\n5.\tW najbli\u017csz\u0105 sobot\u0119 w godz. 10.00-13.00 zapraszamy na kolejne warsztaty kulinarne. W programie: wykonywanie piernikowego serca na Dzie\u0144 Babci i Dziadka, pieczenie chleba z nadzieniem \u2013 niespodziank\u0105, wytwarzanie i dekorowanie kruchych ciasteczek dla zakochanych, cuda z czekolady, szarlotka kr\u00f3lewska, cukrowe figurki na tort, pierniki, wykwintne desery. Spotkania odbywaj\u0105 si\u0119 w budynku Klubu Seniora. Warsztaty tak s\u0105 przygotowane, \u017ce z powodzeniem poradzi sobie z zadaniem zar\u00f3wno pi\u0119cio-, jak i stulatek. Nie mo\u017ce na nich zabrakn\u0105\u0107 degustacji samodzielnie wykonanych frykas\u00f3w, s\u0105 te\u017c liczne konkursy z nagrodami, zabawy i \u015bpiewanki.<br \/>\n6.\tW pi\u0105tek Ksi\u0105dz Arkadiusz b\u0119dzie obchodzi\u0142 dzie\u0144 swoich imienin. Pami\u0119tajmy o Nim w naszych modlitwach, a swoj\u0105 wdzi\u0119czno\u015b\u0107 wyrazimy w przysz\u0142\u0105 niedziel\u0119 sk\u0142adaj\u0105c \u017cyczenia i wr\u0119czaj\u0105c kwiaty jako symbol naszej wdzi\u0119czno\u015bci i uznania.<br \/>\n7.\tW ubieg\u0142\u0105 niedziel\u0119 \u2013 Niedziel\u0119 \u015awi\u0119tej Rodziny \u2013 na Mszy \u015bwi\u0119tej o godz. 12.30 w spos\u00f3b uroczysty 61 par ma\u0142\u017ce\u0144skich odnowi\u0142o swoje przyrzeczenia ma\u0142\u017ce\u0144skie. By\u0142a okazja by spojrze\u0107 sobie w oczy, wymieni\u0107 si\u0119 serdecznym poca\u0142unkiem. Na koniec Mszy \u015bwi\u0119tej ma\u0142\u017conkowie otrzymali Bo\u017ce b\u0142ogos\u0142awie\u0144stwo, pami\u0105tkowe dyplomy i albumy o Ziemi \u015awi\u0119tej czy Rzymie, z \u017cyczeniami by do tych szczeg\u00f3lnych miejsc mogli dotrze\u0107 jako pielgrzymi i podzi\u0119kowa\u0107 za swe ma\u0142\u017ce\u0144stwo i rodziny.<br \/>\n8.\tNa prze\u0142omie wrze\u015bnia i pa\u017adziernika pragniemy zorganizowa\u0107 pielgrzymk\u0119 do Gruzji i Armenii. Zaineresowanych zapraszamy na spotkanie organizacyjne w przysz\u0142\u0105 niedziel\u0119 o godz. 17.00 do salki pod zakrysti\u0105.<br \/>\n9.\tWe wtorek o godz. 16.30 w Sali widowiskowej ratusza odb\u0119dzie si\u0119 podsumowanie XIV Legionowskiej Zbi\u00f3rki \u017bywno\u015bci z my\u015bl\u0105 o osobach potrzebuj\u0105cych, a organizatorem by\u0142o Legionowskie Stowarzyszenie AMICUS przy wsparciu Urz\u0119du Miasta. Wszystkich wolontariuszy zaanga\u017cowanych w tej akcji serdecznie zapraszamy. Ka\u017cdy wolontariusz otrzyma pami\u0105tkowy dyplom.<br \/>\n10.  We wtorek, w Centrum Wsparcia Fizycznego, nieodp\u0142atnie b\u0119dzie przyjmowa\u0142 prawnik w godz. 17.00-19.00<br \/>\n11.  W poniedzia\u0142ek, 8 stycznia, o godz. 18.00 Msza \u015bwi\u0119ta wotywna o Duchu \u015awietym.<\/p>\n","protected":false},"excerpt":{"rendered":"<p>1. Dzisiejsz\u0105 niedziel\u0105 ko\u0144czymy okres Bo\u017cego Narodzenia. Co prawda choinki i kol\u0119dy cho\u0107 w ograniczonym zakresie pozostaj\u0105 z nami do 2 lutego czyli do uroczysto\u015bci Ofiarowania Pa\u0144skiego. 2. Jeszcze dzisiaj odb\u0119d\u0105 si\u0119 nast\u0119puj\u0105ce spotkania: &#8211; o godz. 17.00 katecheza dla m\u0142odzie\u017cy przed sakramentem bierzmowania &#8211; o godz. 19.00 dla rodzic\u00f3w dzieci komunijnych 3. Za tydzie\u0144 [&hellip;]<\/p>\n","protected":false},"author":1,"featured_media":30657,"comment_status":"closed","ping_status":"closed","sticky":false,"template":"","format":"standard","meta":{"footnotes":""},"categories":[2,14],"tags":[],"class_list":["post-21524","post","type-post","status-publish","format-standard","has-post-thumbnail","hentry","category-aktualnosci","category-ogloszenia-parafialne"],"_links":{"self":[{"href":"https:\/\/mbfatimska.ovh\/index.php\/wp-json\/wp\/v2\/posts\/21524","targetHints":{"allow":["GET"]}}],"collection":[{"href":"https:\/\/mbfatimska.ovh\/index.php\/wp-json\/wp\/v2\/posts"}],"about":[{"href":"https:\/\/mbfatimska.ovh\/index.php\/wp-json\/wp\/v2\/types\/post"}],"author":[{"embeddable":true,"href":"https:\/\/mbfatimska.ovh\/index.php\/wp-json\/wp\/v2\/users\/1"}],"replies":[{"embeddable":true,"href":"https:\/\/mbfatimska.ovh\/index.php\/wp-json\/wp\/v2\/comments?post=21524"}],"version-history":[{"count":0,"href":"https:\/\/mbfatimska.ovh\/index.php\/wp-json\/wp\/v2\/posts\/21524\/revisions"}],"wp:featuredmedia":[{"embeddable":true,"href":"https:\/\/mbfatimska.ovh\/index.php\/wp-json\/wp\/v2\/media\/30657"}],"wp:attachment":[{"href":"https:\/\/mbfatimska.ovh\/index.php\/wp-json\/wp\/v2\/media?parent=21524"}],"wp:term":[{"taxonomy":"category","embeddable":true,"href":"https:\/\/mbfatimska.ovh\/index.php\/wp-json\/wp\/v2\/categories?post=21524"},{"taxonomy":"post_tag","embeddable":true,"href":"https:\/\/mbfatimska.ovh\/index.php\/wp-json\/wp\/v2\/tags?post=21524"}],"curies":[{"name":"wp","href":"https:\/\/api.w.org\/{rel}","templated":true}]}}