{"id":21616,"date":"2024-01-14T00:02:05","date_gmt":"2024-01-13T23:02:05","guid":{"rendered":"https:\/\/www.mbfatimska.pl\/?p=21616"},"modified":"2024-01-14T00:02:05","modified_gmt":"2024-01-13T23:02:05","slug":"ii-niedziela-zwykla-4","status":"publish","type":"post","link":"https:\/\/mbfatimska.ovh\/index.php\/2024\/01\/14\/ii-niedziela-zwykla-4\/","title":{"rendered":"II niedziela zwyk\u0142a"},"content":{"rendered":"<p>1.\tDzieci i m\u0142odzie\u017c rozpocz\u0119\u0142y czas ferii zimowych. \u017byczymy im dobrego i szcz\u0119\u015bliwego wypoczynku i bezpiecznego powrotu do domu.<br \/>\n2.\tJeszcze dzisiaj o godz. 17.00 odb\u0119dzie si\u0119 spotkanie dla os\u00f3b zainteresowanych pielgrzymk\u0105 do Gruzji i Armenii na prze\u0142omie wrze\u015bnia i pa\u017adziernika.<br \/>\n3.\tW czasie ferii zimowych zapraszamy dzieci do naszej \u015bwietlicy. \u015awietlica b\u0119dzie czynna od poniedzia\u0142ku do pi\u0105tku w godz. 09.00-14.00. Obok zaj\u0119\u0107 plastycznych, sportowych, integracyjnych b\u0119d\u0105 r\u00f3wnie\u017c wyjazdy do kina, park\u00f3w rozrywki, muze\u00f3w. Serdecznie zapraszamy.<br \/>\n4.\tW poniedzia\u0142ek, w godz. 18.00-20.00 nieodp\u0142atnie b\u0119dzie przyjmowa\u0142 psycholog. Porady odbywaj\u0105 si\u0119 w budynku Centrum Wsparcia Fizycznego.<br \/>\n5.\tW pi\u0105tek zapraszamy na kolejne nabo\u017ce\u0144stwo do \u015bw. J\u00f3zefa, patrona ma\u0142\u017ce\u0144stw i rodzin. O godz. 18.00 zostanie odprawiona  Msza \u015bwi\u0119ta i bezpo\u015brednio po niej modlitwy do opiekuna rodzin.<br \/>\n6.\t22 stycznia, w przysz\u0142ym tygodniu, w ratuszu z okazji dnia babci i dziadka odb\u0119dzie si\u0119 szereg wydarze\u0144 po\u015bwi\u0119conych  naszym seniorom  m.in.: badania prozdrowotne, promocja zdrowa, wyk\u0142ady i koncerty. Wi\u0119cej informacji na plakacie w gablocie.<br \/>\n7.\tW dniach 18-25 stycznia  obchodzi\u0107 b\u0119dziemy w Ko\u015bciele Tydzie\u0144 modlitw o jedno\u015b\u0107 chrze\u015bcijan. B\u0119dziemy przez modlitw\u0119 i post wype\u0142nia\u0107 wezwanie Chrystusa: \u201eSpraw aby stanowili jedno jak ty Ojcze we mnie, a ja w tobie.\u201d<br \/>\n8.\tW sobot\u0119 obchodzi\u0107 b\u0119dziemy 6 rocznice ingresu Pasterza Diecezji Biskupa Romualda Kami\u0144skiego. Polecamy modlitwie wiernych naszego Ordynariusza.<br \/>\n9.\tW pi\u0105tek Ksi\u0105dz Arkadiusz, kt\u00f3ry od lat nas wspiera w pracy duszpasterskiej, obchodzi\u0142 dzie\u0144 swoich imienin, a w \u015brod\u0119 dzie\u0144 urodzin.  Jeste\u015bmy wdzi\u0119czni  Ksi\u0119dzu Arkadiuszowi za jego pos\u0142ug\u0119, otwarto\u015b\u0107 serca, sprawowane sakramenty \u015bwi\u0119te na naszej drodze do \u015bwi\u0119to\u015bci i \u017cyczymy Bo\u017cego b\u0142ogos\u0142awie\u0144stwa , opieki Matki Bo\u017cej Fatimskiej, zdrowia i wszelkiej pomy\u015blno\u015bci. Dzisiaj na Mszach \u015bwi\u0119tych  chcemy naszemu solenizantowi i jubilatowi  wyrazi\u0107 wdzi\u0119czno\u015b\u0107 i zapewni\u0107 o modlitewnej pami\u0119ci.<br \/>\n10.\tDzi\u0119kujemy tym, kt\u00f3rzy przyjmuj\u0105 nas z wizyt\u0105 duszpastersk\u0105. Dzi\u0119kujemy za wsp\u00f3ln\u0105 modlitw\u0119, za rozmow\u0119, za mo\u017cliwo\u015b\u0107 bycia z sob\u0105 i dzielenia si\u0119 swoimi spostrze\u017ceniami i uwagami. Dzi\u0119kujemy za ka\u017cd\u0105 podpowied\u017a odno\u015bnie \u017cycia parafialnego, kt\u00f3re zostan\u0105 rozwa\u017cone i przemy\u015blane. <\/p>\n","protected":false},"excerpt":{"rendered":"<p>1. Dzieci i m\u0142odzie\u017c rozpocz\u0119\u0142y czas ferii zimowych. \u017byczymy im dobrego i szcz\u0119\u015bliwego wypoczynku i bezpiecznego powrotu do domu. 2. Jeszcze dzisiaj o godz. 17.00 odb\u0119dzie si\u0119 spotkanie dla os\u00f3b zainteresowanych pielgrzymk\u0105 do Gruzji i Armenii na prze\u0142omie wrze\u015bnia i pa\u017adziernika. 3. W czasie ferii zimowych zapraszamy dzieci do naszej \u015bwietlicy. \u015awietlica b\u0119dzie czynna od [&hellip;]<\/p>\n","protected":false},"author":1,"featured_media":30657,"comment_status":"closed","ping_status":"closed","sticky":false,"template":"","format":"standard","meta":{"footnotes":""},"categories":[2,14],"tags":[],"class_list":["post-21616","post","type-post","status-publish","format-standard","has-post-thumbnail","hentry","category-aktualnosci","category-ogloszenia-parafialne"],"_links":{"self":[{"href":"https:\/\/mbfatimska.ovh\/index.php\/wp-json\/wp\/v2\/posts\/21616","targetHints":{"allow":["GET"]}}],"collection":[{"href":"https:\/\/mbfatimska.ovh\/index.php\/wp-json\/wp\/v2\/posts"}],"about":[{"href":"https:\/\/mbfatimska.ovh\/index.php\/wp-json\/wp\/v2\/types\/post"}],"author":[{"embeddable":true,"href":"https:\/\/mbfatimska.ovh\/index.php\/wp-json\/wp\/v2\/users\/1"}],"replies":[{"embeddable":true,"href":"https:\/\/mbfatimska.ovh\/index.php\/wp-json\/wp\/v2\/comments?post=21616"}],"version-history":[{"count":0,"href":"https:\/\/mbfatimska.ovh\/index.php\/wp-json\/wp\/v2\/posts\/21616\/revisions"}],"wp:featuredmedia":[{"embeddable":true,"href":"https:\/\/mbfatimska.ovh\/index.php\/wp-json\/wp\/v2\/media\/30657"}],"wp:attachment":[{"href":"https:\/\/mbfatimska.ovh\/index.php\/wp-json\/wp\/v2\/media?parent=21616"}],"wp:term":[{"taxonomy":"category","embeddable":true,"href":"https:\/\/mbfatimska.ovh\/index.php\/wp-json\/wp\/v2\/categories?post=21616"},{"taxonomy":"post_tag","embeddable":true,"href":"https:\/\/mbfatimska.ovh\/index.php\/wp-json\/wp\/v2\/tags?post=21616"}],"curies":[{"name":"wp","href":"https:\/\/api.w.org\/{rel}","templated":true}]}}