{"id":21804,"date":"2024-01-21T19:36:18","date_gmt":"2024-01-21T18:36:18","guid":{"rendered":"https:\/\/www.mbfatimska.pl\/?p=21804"},"modified":"2024-01-21T19:36:18","modified_gmt":"2024-01-21T18:36:18","slug":"iii-niedziela-zwykla-4","status":"publish","type":"post","link":"https:\/\/mbfatimska.ovh\/index.php\/2024\/01\/21\/iii-niedziela-zwykla-4\/","title":{"rendered":"III niedziela zwyk\u0142a"},"content":{"rendered":"<p>1.\tDzisiaj obchodzimy Dzie\u0144 Babci, jutro Dzie\u0144 Dziadka. Wszystkim babciom i dziadkom \u017cyczymy zdrowia, si\u0142, zadowolenia, u\u015bmiechu na co dzie\u0144, Bo\u017cej mocy i opieki Matki Bo\u017cej Fatimskiej. Jutro w ratuszu z okazji Dnia Dziadka i Babci wiele wydarze\u0144: promocja zdrowia, koncerty, wyst\u0119py grup wokalnych. Wi\u0119cej informacji na plakacie w gablocie.<br \/>\n2.\tW poniedzia\u0142ek, 22 stycznia, zapraszamy na kolejne nabo\u017ce\u0144stwo do \u015bw. Rity, patronki spraw trudnych. W czasie Mszy \u015bwi\u0119tej o godz. 18.00 zostan\u0105 po\u015bwi\u0119cone r\u00f3\u017ce, kt\u00f3re b\u0119dzie mo\u017cna zakupi\u0107 przed Msz\u0105 \u015bwi\u0119t\u0105. Po Mszy \u015bwi\u0119tej modlitwy do \u015bw. Rity z wyczytywaniem intencji, kt\u00f3re b\u0119dzie mo\u017cna z\u0142o\u017cy\u0107 przed Eucharysti\u0105.<br \/>\n3.\tW pi\u0105tek o godz. 18.00 zostanie odprawiona Msza \u015bwi\u0119ta wypominkowa za naszych bliskich zmar\u0142ych polecanych w wypominkach.<br \/>\n4.\tW sobot\u0119 na Mszy \u015bwi\u0119tej o godz. 18.00 cz\u0142onkowie Zakonu Rycerzy \u015bw. Jana Paw\u0142a II b\u0119d\u0105 prze\u017cywa\u0107 swoj\u0105 uroczysto\u015b\u0107 podczas kt\u00f3rej niekt\u00f3rzy b\u0119d\u0105 promowani na II i III stopie\u0144 w dziele s\u0142u\u017cenia Bogu i ludziom. Serdecznie zapraszamy.<br \/>\n5.\tW niedziel\u0119, na Mszy \u015bwi\u0119tej o godz. 12.30 wyst\u0105pi ch\u00f3r ze Stanis\u0142awowa II \u201eM\u0142odzie\u017c 50+\u201d z repertuarem kol\u0119d i pastora\u0142ek. Po Mszy \u015bwi\u0119tej dadz\u0105 kr\u00f3tki koncert.<br \/>\n6.\tR\u00f3wnie\u017c w przysz\u0142\u0105 niedziel\u0119 zapraszam na kolejne nabo\u017ce\u0144stwo do b\u0142. Kardyna\u0142a Stefana  Wyszy\u0144skiego. Nabo\u017ce\u0144stwo b\u0119dzie sprawowane przed Msz\u0105 \u015bwi\u0119t\u0105 wieczorn\u0105, o godz. 17.40.<br \/>\n7.\tZa tydzie\u0144, w niedziel\u0119, odb\u0119d\u0105 si\u0119 nast\u0119puj\u0105ce spotkania:<br \/>\n&#8211; o godz. 10.25 \u2013 katecheza dla dzieci klas III szko\u0142y podstawowej przed I Komuni\u0105 \u015bwi\u0119t\u0105<br \/>\n&#8211; o godz. 17.00 \u2013 dla rodzic\u00f3w m\u0142odzie\u017cy przygotowuj\u0105cej si\u0119 do sakramentu bierzmowania.<br \/>\n8.\tZapraszamy dzieci do naszej \u015bwietlicy, kt\u00f3ra jest czynna od poniedzia\u0142ku do pi\u0105tku w godz. 09.00-14.00. W czasie zaj\u0119\u0107 w \u015bwietlicy dzieci uczestnicz\u0105 w zaj\u0119ciach plastycznych, sportowych, rekreacyjnych, a nawet kulinarnych ucz\u0105c si\u0119 przygotowania pizzy, ciasta czy chocia\u017cby dba\u0142o\u015bci o utrzymanie porz\u0105dku.  W tym tygodniu dzieci b\u0119d\u0105 w Centrum Rozrywki Piccolo i w kinie Helios na projekcji filmu.<br \/>\n9.\tW czwartek, 25 stycznia, w budynku Centrum Wsparcia Fizycznego nieodp\u0142atnie b\u0119dzie przyjmowa\u0142 logopeda szkolny w godz. 18.00-19.00.<br \/>\n10.\tW tym tygodniu ko\u0144czymy wizyt\u0119 duszpastersk\u0105. Odwiedzamy mieszka\u0144c\u00f3w  zamieszka\u0142ych przy nast\u0119puj\u0105cych ulicach:<br \/>\n\u2022\t22.01 poniedzia\u0142ek<br \/>\ngodz. 16.00 \u2013 ul. D\u0142uga do ko\u015bcio\u0142a \u2013 1 ksi\u0105dz<br \/>\ngodz. 16.00 \u2013 ul. D\u0142uga od ko\u015bcio\u0142a do ko\u0144ca, ul. Kr\u00f3tka, ul. Hynka, ul. G\u00f3rna \u2013 1 ksi\u0105dz<br \/>\ngodz. 16.00 \u2013 ul. 11 listopada, ul. Podg\u00f3rska \u2013 1 ksi\u0105dz<\/p>\n<p>\u2022\t23.01 wtorek<br \/>\ngodz. 16.00 \u2013 ul. Grudzie numery nieparzyste \u2013 od Wodoci\u0105g\u00f3wki do nr 41 B, ul. Polna (Stanis\u0142aw\u00f3w II)     \u2013 1 ksi\u0105dz<br \/>\ngodz. 16.00 \u2013 ul. Grudzie numery nieparzyste \u2013 domy w \u0142\u0105kach, ul. Wymarzona \u2013 1 ksi\u0105dz<br \/>\ngodz. 16.00 \u2013 ul. Grudzie  numery nieparzyste \u2013 od kapliczki, po linii ulicy do ko\u0144ca, ul. Wsp\u00f3lna \u2013 1 ksi\u0105dz<br \/>\n\u2022\t24.01 \u015broda<br \/>\ngodz. 16.00 \u2013 ul. Wolska numery nieparzyste \u2013 od ul. Zegrzy\u0144skiej do nr 27, ul. Malinowa\u2013 1 ksi\u0105dz<br \/>\ngodz. 16.00 \u2013 ul. Wolska po linii ul. Grudzie i Wodoci\u0105g\u00f3wki \u2013 1 ksi\u0105dz<br \/>\ngodz. 16.00 \u2013 ul. Radosna, godz. 17.30 \u2013 ul. Wi\u015bniowa \u2013 1 ksi\u0105dz<br \/>\n\u2022\t25.01 czwartek<br \/>\ngodz. 16.00 \u2013 ul. Wolska numery nieparzyste \u2013 od ul. Kwiatowej do nr 57A \u2013 1 ksi\u0105dz<br \/>\ngodz. 16.00 \u2013 ul. Wolska numery nieparzyste \u2013 od nr 59 do nr 89E \u2013 1 ksi\u0105dz<br \/>\ngodz. 16.00 \u2013 ul. Wolska numery nieparzyste od nr 91 do ko\u0144ca \u2013 1 ksi\u0105dz<br \/>\n\u2022\t26.01 pi\u0105tek<br \/>\ngodz. 16.00 \u2013 ul. Wolska numery parzyste od ul. Zegrzy\u0144skiej do ul. Radosnej \u2013 1 ksi\u0105dz<br \/>\ngodz. 16.00 \u2013 ul. Wolska numery parzyste od ul. Radosnej do nr 62A \u2013 1 ksi\u0105dz<br \/>\n\u2022\t27.01  sobota<br \/>\ngodz. 09.00 \u2013 ul. Kwiatowa, ok. godz. 11.30 \u2013 ul. Go\u015bcinna \u2013 1 ksi\u0105dz<br \/>\ngodz. 09.00 \u2013 ul. Wolska numery parzyste od nr 64 do ko\u0144ca \u2013 1 ksi\u0105dz<br \/>\n\u2022\t29.01 poniedzia\u0142ek<br \/>\nod godz. 09.00 \u2013 kol\u0119da dodatkowa<br \/>\nod godz. 16.00 \u2013 kol\u0119da dodatkowa<br \/>\n\u2022\t30.01 wtorek<br \/>\nod godz. 16.00 \u2013 kol\u0119da dodatkowa<\/p>\n<p>Kto nie m\u00f3g\u0142 przyj\u0105\u0107 nas w wyznaczonym terminie, to mo\u017ce to uczyni\u0107 zapisuj\u0105c si\u0119 na kol\u0119d\u0119 dodatkow\u0105, kt\u00f3ra b\u0119dzie w poniedzia\u0142ek 29 stycznia przez ca\u0142y dzie\u0144 i popo\u0142udnie oraz we wtorek 30 stycznia  po godz. 16.00.<br \/>\n11.\tW przysz\u0142ym tygodniu, 29 i 30 stycznia (poniedzia\u0142ek i wtorek) b\u0119d\u0105 zbierane elektro\u015bmieci z my\u015bl\u0105 o wsparciu polskich misjonarzy. Zu\u017cyte komputery, telefony, monitory, drukarki i sprz\u0119t RTV i AGD b\u0119dzie mo\u017cna z\u0142o\u017cy\u0107 w rogu na g\u00f3rnym parkingu przy zej\u015bciu do kawiarenki i \u015bwietlicy. Stosowny plakat na tablicy og\u0142osze\u0144.<\/p>\n","protected":false},"excerpt":{"rendered":"<p>1. Dzisiaj obchodzimy Dzie\u0144 Babci, jutro Dzie\u0144 Dziadka. Wszystkim babciom i dziadkom \u017cyczymy zdrowia, si\u0142, zadowolenia, u\u015bmiechu na co dzie\u0144, Bo\u017cej mocy i opieki Matki Bo\u017cej Fatimskiej. Jutro w ratuszu z okazji Dnia Dziadka i Babci wiele wydarze\u0144: promocja zdrowia, koncerty, wyst\u0119py grup wokalnych. Wi\u0119cej informacji na plakacie w gablocie. 2. W poniedzia\u0142ek, 22 stycznia, [&hellip;]<\/p>\n","protected":false},"author":1,"featured_media":30657,"comment_status":"closed","ping_status":"closed","sticky":false,"template":"","format":"standard","meta":{"footnotes":""},"categories":[2,14],"tags":[],"class_list":["post-21804","post","type-post","status-publish","format-standard","has-post-thumbnail","hentry","category-aktualnosci","category-ogloszenia-parafialne"],"_links":{"self":[{"href":"https:\/\/mbfatimska.ovh\/index.php\/wp-json\/wp\/v2\/posts\/21804","targetHints":{"allow":["GET"]}}],"collection":[{"href":"https:\/\/mbfatimska.ovh\/index.php\/wp-json\/wp\/v2\/posts"}],"about":[{"href":"https:\/\/mbfatimska.ovh\/index.php\/wp-json\/wp\/v2\/types\/post"}],"author":[{"embeddable":true,"href":"https:\/\/mbfatimska.ovh\/index.php\/wp-json\/wp\/v2\/users\/1"}],"replies":[{"embeddable":true,"href":"https:\/\/mbfatimska.ovh\/index.php\/wp-json\/wp\/v2\/comments?post=21804"}],"version-history":[{"count":0,"href":"https:\/\/mbfatimska.ovh\/index.php\/wp-json\/wp\/v2\/posts\/21804\/revisions"}],"wp:featuredmedia":[{"embeddable":true,"href":"https:\/\/mbfatimska.ovh\/index.php\/wp-json\/wp\/v2\/media\/30657"}],"wp:attachment":[{"href":"https:\/\/mbfatimska.ovh\/index.php\/wp-json\/wp\/v2\/media?parent=21804"}],"wp:term":[{"taxonomy":"category","embeddable":true,"href":"https:\/\/mbfatimska.ovh\/index.php\/wp-json\/wp\/v2\/categories?post=21804"},{"taxonomy":"post_tag","embeddable":true,"href":"https:\/\/mbfatimska.ovh\/index.php\/wp-json\/wp\/v2\/tags?post=21804"}],"curies":[{"name":"wp","href":"https:\/\/api.w.org\/{rel}","templated":true}]}}