{"id":21808,"date":"2024-01-28T07:47:48","date_gmt":"2024-01-28T06:47:48","guid":{"rendered":"https:\/\/www.mbfatimska.pl\/?p=21808"},"modified":"2024-01-28T07:47:48","modified_gmt":"2024-01-28T06:47:48","slug":"iv-niedziela-zwykla-3","status":"publish","type":"post","link":"https:\/\/mbfatimska.ovh\/index.php\/2024\/01\/28\/iv-niedziela-zwykla-3\/","title":{"rendered":"IV niedziela zwyk\u0142a"},"content":{"rendered":"<p>1.\tJeszcze dzisiaj odb\u0119d\u0105 si\u0119 nast\u0119puj\u0105ce spotkania:<br \/>\n&#8211; o godz. 10.25 dla dzieci klas III szko\u0142y podstawowej przed I Komuni\u0105 \u015bwi\u0119t\u0105<br \/>\n&#8211; o godz. 17.00 dla rodzic\u00f3w m\u0142odzie\u017cy, kt\u00f3ra przygotowuje si\u0119 do sakramentu bierzmowania<br \/>\n2.\tR\u00f3wnie\u017c dzisiaj na Mszy \u015bwi\u0119tej o godz. 12.30 wyst\u0105pi ch\u00f3r \u201eM\u0142odzie\u017c 50 +\u201d.<br \/>\n3.\tDzisiaj z racji 28 dnia miesi\u0105ca o godz. 17.40 nabo\u017ce\u0144stwo do b\u0142. Kardyna\u0142a Stefana Wyszy\u0144skiego, patrona naszego miasta.<br \/>\n4.\tW poniedzia\u0142ek i we wtorek na g\u00f3rnym parkingu odb\u0119dzie si\u0119 zbi\u00f3rka elektro\u015bmieci \u2013 starych zu\u017cytych telewizor\u00f3w, lod\u00f3wek, pralek, telefon\u00f3w i innych sprz\u0119t\u00f3w AGD i RTV z my\u015bl\u0105 o polskich misjonarzach pracuj\u0105cych na r\u00f3\u017cnych kontynentach.<br \/>\n5.\tW poniedzia\u0142ek po Mszy \u015bwi\u0119tej o godz. 18.00 Odnowa w Duchu \u015awi\u0119tym zaprasza na spotkanie modlitewne z katechez\u0105 na temat: Czym jest Tradycja Ko\u015bcio\u0142a?<br \/>\n6.\tW tym tygodniu przypada:<br \/>\n&#8211; I czwartek miesi\u0105ca \u2013 po Mszy \u015bwi\u0119tej o godz. 18.00 wystawienie Naj\u015bwi\u0119tszego Sakramentu, koronka do Bo\u017cego Mi\u0142osierdzia i adoracja do godz. 21.00<br \/>\n&#8211; I pi\u0105tek miesi\u0105ca \u2013 spowied\u017a od godz. 16.30 do godz. 18.30<br \/>\n&#8211; I sobota miesi\u0105ca \u2013 po Mszy \u015bwi\u0119tej o godz. 18.00 wystawienie Naj\u015bwi\u0119tszego Sakramentu i nabo\u017ce\u0144stwo wynagradzaj\u0105ce Niepokalanemu Sercu Naj\u015bwi\u0119tszej Maryi Panny, kt\u00f3re trwa\u0107 b\u0119dzie do godz. 20.15<br \/>\n&#8211; I niedziela miesi\u0105ca \u2013 po Mszy \u015bwi\u0119tej o godz. 12.30 wystawienie Naj\u015bwi\u0119tszego Sakramentu i adoracja do godz. 17.40.<br \/>\n7.\t W pi\u0105tek obchodzi\u0107 b\u0119dziemy uroczysto\u015b\u0107 Ofiarowania Pa\u0144skiego, inaczej nazywane \u015bwi\u0119tem Matki Bo\u017cej Gromnicznej. Jest to jednocze\u015bnie Dzie\u0144 \u017bycia Konsekrowanego. Gromnice do po\u015bwi\u0119cenia b\u0119dzie mo\u017cna zakupi\u0107 przed  Mszami \u015bwi\u0119tymi , kt\u00f3re b\u0119d\u0105 odprawione o godz. 09.00, 17.00 i 18.00. Tego dnia taca przeznaczona b\u0119dzie na zakony klauzurowe.<br \/>\n8.\tW pi\u0105tek o godz. 19.00 w kawiarence odb\u0119dzie si\u0119 konferencja przed sakramentem chrztu dziecka. Bior\u0105 w niej udzia\u0142 rodzice dziecka, kt\u00f3re b\u0119dzie ochrzczone w naszej parafii, lub b\u0119dzie brana zgoda na chrzest w innej parafii oraz kandydaci na rodzic\u00f3w chrzestnych.<br \/>\n9.\tW sobot\u0119, 3 lutego, zapraszamy na kolejne warsztaty kulinarne. Krok po kroku uczestnicy dowiedz\u0105 si\u0119 jak przygotowa\u0107 pi\u0119kne ciastka dla zakochanych. W programie kolejnych spotka\u0144:<br \/>\n&#8211; 17.02 \u2013 cuda z czekolady<br \/>\n&#8211; 02.03 \u2013 s\u0142odkie baranki i pisanki<br \/>\n&#8211; 16.03 \u2013 wykwintne desery na Wielkanoc<br \/>\n10.\tSpotkanie dla bierzmowanych prze\u0142o\u017cone jest z przysz\u0142ej niedzieli na niedziel\u0119 11 lutego na godz. 17.00, a spotkanie dla rodzic\u00f3w dzieci komunijnych z poniedzia\u0142ku 05 lutego na poniedzia\u0142ek 12 lutego, na godz. 19.00.<br \/>\n11.\tW dniu wczorajszym zako\u0144czyli\u015bmy Kol\u0119d\u0119 \u2013 wizyt\u0119 duszpastersk\u0105. Kto by jeszcze chcia\u0142 nas zaprosi\u0107 do pob\u0142ogos\u0142awienia domu i rodziny, to mo\u017ce to uczyni\u0107 dzisiaj. W poniedzia\u0142ek od godz. 09.00 i po popo\u0142udniu od godz. 16.00 oraz we wtorek od godz. 16.00 jeste\u015bmy gotowi uda\u0107 si\u0119 do rodzin i wsp\u00f3lnie prosi\u0107 o Bo\u017ce b\u0142ogos\u0142awie\u0144stwo. Po Kol\u0119dzie przyj\u0119\u0142o nas ok. 52-55 % mieszka\u0144c\u00f3w. Dzi\u0119kujemy tym, kt\u00f3rzy zaprosili nas do swojego mieszkania. Dzi\u0119kujemy za gor\u0105ce, modlitewne, szczere rozmowy. Po pandemii po raz drugi odbywa\u0142a si\u0119 Kol\u0119da. Pukali\u015bmy do ka\u017cdego domu i mieszkania. Niekt\u00f3re z nich od wielu lat by\u0142y zamkni\u0119te. Uwa\u017camy, \u017ce kto nas nie przyjmuje z Kol\u0119d\u0105, nie chce si\u0119 spotka\u0107, pomodli\u0107 chocia\u017cby od 2 lat sam wypisuje si\u0119 z grona naszych parafian i parafia zwolniona jest z wszelkich zobowi\u0105za\u0144 wobec takiej rodziny czy osoby. Ubolewamy, \u017ce wiele dzieci i m\u0142odzie\u017cy po przyj\u0119ciu sakramentu I Komunii \u015bwi\u0119tej i bierzmowania wypisuje si\u0119 z religii i przestaje ucz\u0119szcza\u0107 do ko\u015bcio\u0142a. Cieszy nas fakt, \u017ce tak wielu parafian potrafi sobie okazywa\u0107 pomoc s\u0105siedzk\u0105, zw\u0142aszcza kiedy jest kto\u015b chory i starszy. Dzi\u0119kujemy za pocz\u0119stunki, rozmowy, podwiezienie, za wsp\u00f3ln\u0105 modlitw\u0119 i z\u0142o\u017cone ofiary na rzecz parafii, kt\u00f3re nale\u017cycie b\u0119d\u0105 wykorzystane tak jak ofiary z poprzednich lat, co chyba ka\u017cdy widzi. Jeszcze raz wszystkim bardzo dzi\u0119kujemy.<br \/>\n12.\tOd jutra wraca stary uk\u0142ad Mszy \u015bwi\u0119tych oraz godziny pracy kancelarii. Msze \u015bwi\u0119te b\u0119d\u0105 sprawowane o godz. 17.00 i 18.00, a kancelaria b\u0119dzie czynna od poniedzia\u0142ku do \u015brody, od godz. 18.30 do 19.15 i w sobot\u0119 w godz. 09.00 \u2013 10.00.<br \/>\n13.\tNa sobot\u0119, na godz. 08.00 zapraszamy do rozbi\u00f3rki dekoracji \u015bwi\u0105tecznych. Trzeba rozebra\u0107 i wynie\u015b\u0107 choinki oraz \u017c\u0142\u00f3bek z ko\u015bcio\u0142a i z przed ko\u015bcio\u0142a. Zapraszamy do liczniejszego zaanga\u017cowania si\u0119 w uporz\u0105dkowanie \u015bwi\u0105tyni.<\/p>\n","protected":false},"excerpt":{"rendered":"<p>1. Jeszcze dzisiaj odb\u0119d\u0105 si\u0119 nast\u0119puj\u0105ce spotkania: &#8211; o godz. 10.25 dla dzieci klas III szko\u0142y podstawowej przed I Komuni\u0105 \u015bwi\u0119t\u0105 &#8211; o godz. 17.00 dla rodzic\u00f3w m\u0142odzie\u017cy, kt\u00f3ra przygotowuje si\u0119 do sakramentu bierzmowania 2. R\u00f3wnie\u017c dzisiaj na Mszy \u015bwi\u0119tej o godz. 12.30 wyst\u0105pi ch\u00f3r \u201eM\u0142odzie\u017c 50 +\u201d. 3. Dzisiaj z racji 28 dnia miesi\u0105ca [&hellip;]<\/p>\n","protected":false},"author":1,"featured_media":30657,"comment_status":"closed","ping_status":"closed","sticky":false,"template":"","format":"standard","meta":{"footnotes":""},"categories":[2,14],"tags":[],"class_list":["post-21808","post","type-post","status-publish","format-standard","has-post-thumbnail","hentry","category-aktualnosci","category-ogloszenia-parafialne"],"_links":{"self":[{"href":"https:\/\/mbfatimska.ovh\/index.php\/wp-json\/wp\/v2\/posts\/21808","targetHints":{"allow":["GET"]}}],"collection":[{"href":"https:\/\/mbfatimska.ovh\/index.php\/wp-json\/wp\/v2\/posts"}],"about":[{"href":"https:\/\/mbfatimska.ovh\/index.php\/wp-json\/wp\/v2\/types\/post"}],"author":[{"embeddable":true,"href":"https:\/\/mbfatimska.ovh\/index.php\/wp-json\/wp\/v2\/users\/1"}],"replies":[{"embeddable":true,"href":"https:\/\/mbfatimska.ovh\/index.php\/wp-json\/wp\/v2\/comments?post=21808"}],"version-history":[{"count":0,"href":"https:\/\/mbfatimska.ovh\/index.php\/wp-json\/wp\/v2\/posts\/21808\/revisions"}],"wp:featuredmedia":[{"embeddable":true,"href":"https:\/\/mbfatimska.ovh\/index.php\/wp-json\/wp\/v2\/media\/30657"}],"wp:attachment":[{"href":"https:\/\/mbfatimska.ovh\/index.php\/wp-json\/wp\/v2\/media?parent=21808"}],"wp:term":[{"taxonomy":"category","embeddable":true,"href":"https:\/\/mbfatimska.ovh\/index.php\/wp-json\/wp\/v2\/categories?post=21808"},{"taxonomy":"post_tag","embeddable":true,"href":"https:\/\/mbfatimska.ovh\/index.php\/wp-json\/wp\/v2\/tags?post=21808"}],"curies":[{"name":"wp","href":"https:\/\/api.w.org\/{rel}","templated":true}]}}