{"id":21816,"date":"2024-02-04T07:36:50","date_gmt":"2024-02-04T06:36:50","guid":{"rendered":"https:\/\/www.mbfatimska.pl\/?p=21816"},"modified":"2024-02-04T07:36:50","modified_gmt":"2024-02-04T06:36:50","slug":"v-niedziela-zwykla-2","status":"publish","type":"post","link":"https:\/\/mbfatimska.ovh\/index.php\/2024\/02\/04\/v-niedziela-zwykla-2\/","title":{"rendered":"V niedziela zwyk\u0142a"},"content":{"rendered":"<p>1.\tDzisiaj z racji I niedzieli miesi\u0105ca o Mszy \u015bwi\u0119tej o godz. 12.30 wystawienie Naj\u015bwi\u0119tszego Sakramentu i mo\u017cliwo\u015b\u0107 adoracji do godz. 17.40.<br \/>\n2.\tJak zapowiadali\u015bmy, dzisiejsze spotkanie dla bierzmowanych zosta\u0142o prze\u0142o\u017cone na przysz\u0142\u0105 niedziel\u0119 na godz. 17.00. R\u00f3wnie\u017c jutrzejsze spotkanie dla rodzic\u00f3w dzieci komunijnych jest prze\u0142o\u017cone z poniedzia\u0142ku 5 lutego, na poniedzia\u0142ek 12 lutego, na godz. 19.00.<br \/>\n3.\tWsp\u00f3lnota Odnowa w Duchu \u015awi\u0119tym zaprasza jutro na Msz\u0119 \u015bwi\u0119t\u0105 wotywn\u0105 o Duchu \u015awi\u0119tym na godz. 18.00.<br \/>\n4.\tW \u015brod\u0119, 7 lutego, Ksi\u0105dz Biskup Romuald \u2013 ordynariusz naszej diecezji obchodzi dzie\u0144 swoich imienin. Pami\u0119tajmy o naszym Solenizancie w modlitwach wypraszaj\u0105c zdrowie, odpowiednie si\u0142y i Bo\u017ce b\u0142ogos\u0142awie\u0144stwo na dalsze lata przewodniczenia naszemu warszawsko-praskiemu Ko\u015bcio\u0142owi.<br \/>\n5.\tW przysz\u0142\u0105 niedziel\u0119 o godz. 10.25 katecheza dla dzieci klas III szko\u0142y podstawowej przed I Komuni\u0105 \u015bwi\u0119t\u0105.<br \/>\n6.\tR\u00f3wnie\u017c w przysz\u0142\u0105 niedziel\u0119 zapraszamy na godz. 19.00 na wiecz\u00f3r uwielbienia z Maryj\u0105. B\u0119dziemy si\u0119 modli\u0107 tekstami Pisma \u015bwi\u0119tego, pie\u015bniami. B\u0119dzie czas na adoracj\u0119 Naj\u015bwi\u0119tszego Sakramentu. Organizatorem adoracji jest wsp\u00f3lnota Odnowa w Duchu \u015awi\u0119tym.<br \/>\n7.\tOd 12 lutego Legionowskie Stowarzyszenie  AMICUS zaprasza osoby 60+, mieszka\u0144c\u00f3w naszego miasta, do skorzystania z darmowych zabieg\u00f3w rehabilitacyjnych i fizykoterapeutycznych. Zapisy w poniedzia\u0142ek i wtorek od godz. 15.30 do 17.00. Ilo\u015b\u0107 miejsc jest ograniczona. Z zabieg\u00f3w mo\u017ce skorzysta\u0107  40 os\u00f3b. Zadanie jest dofinansowane przez Gmin\u0119 Miejsk\u0105 Legionowo.<br \/>\n8.\tR\u00f3wnie\u017c od przysz\u0142ego tygodnia, od 12 lutego do ko\u0144ca marca, mo\u017cemy skorzysta\u0107 z cz\u0119stszych darmowych porad:<br \/>\n&#8211; psychologa, w poniedzia\u0142ki w godz. 18.00-20.00<br \/>\n&#8211; prawnika, we wtorki w godz. 19.00-21.00<br \/>\n&#8211; mediatora rodzinnego, w czwartki w godz. 18.00-20.00<br \/>\nNa porady nie trzeba si\u0119 zapisywa\u0107. W tych godzinach nale\u017cy przyj\u015b\u0107 i skorzysta\u0107 z konsultacji.<br \/>\n9.\tW przysz\u0142\u0105 niedziel\u0119, 11 lutego, na Mszy \u015bwi\u0119tej o godz. 12.30 zapraszamy zw\u0142aszcza osoby chore i starsze. Tego dnia obchodzimy w Ko\u015bciele Dzie\u0144 Chorych, kt\u00f3ry jest zwi\u0105zany z liturgicznym wspomnieniem Matki Bo\u017cej z Lourdes. W czasie Mszy \u015bwi\u0119tej tym osobom b\u0119dzie udzielony sakrament namaszczenia chorych i ka\u017cda osoba chora otrzyma specjalny modlitewnik z modlitwami na ten trudny czas choroby.<br \/>\n10.\tZbli\u017ca si\u0119 czas rozlicze\u0144 podatkowych. Zach\u0119camy do przekazania 1,5% z naszych podatk\u00f3w na rzecz Legionowskiego Stowarzyszenia AMICUS, kt\u00f3re na co dzie\u0144 zajmuje si\u0119 osobami niepe\u0142nosprawnymi, prowadz\u0105c dla 44 os\u00f3b z ca\u0142ego powiatu Warsztat Terapii Zaj\u0119ciowej, Klub Seniora dla 40 os\u00f3b starszych, \u015bwietlice socjoterapeutyczne dla dzieci, wypo\u017cyczalni\u0119 sprz\u0119tu rehabilitacyjnego, fizykoterapia i rehabilitacja, pomoc rodakom na Wile\u0144szczy\u017anie i wiele jeszcze innych przedsi\u0119wzi\u0119\u0107. Stosowne ulotki wy\u0142o\u017cone s\u0105 na stolikach za \u0142awkami, oraz informacja zawarta jest w naszym biuletynie parafialnym.<br \/>\n11.\tSalezja\u0144ska Szko\u0142a Podstawowa w Legionowie organizuje dni otwarte dla rodzic\u00f3w i dzieci zainteresowanych nauk\u0105 i wychowaniem w niepublicznej szkole katolickiej. Takich dni do wyboru b\u0119dzie kilka. Pierwsze spotkanie z mo\u017cliwo\u015bci\u0105 zobaczenia szko\u0142y odb\u0119dzie si\u0119 w sobot\u0119 10 lutego, w godz. 10.00-13.00. Kolejne r\u00f3wnie\u017c w sobot\u0119 24 lutego. Natomiast w marcu spotkanie rekrutacyjne jest zaplanowane na czwartek 7 marca w godz. 17.00-19.00. Wi\u0119cej informacji znajduje si\u0119 na plakacie w gablocie oraz na stronie internetowej: salezy.pl.<\/p>\n","protected":false},"excerpt":{"rendered":"<p>1. Dzisiaj z racji I niedzieli miesi\u0105ca o Mszy \u015bwi\u0119tej o godz. 12.30 wystawienie Naj\u015bwi\u0119tszego Sakramentu i mo\u017cliwo\u015b\u0107 adoracji do godz. 17.40. 2. Jak zapowiadali\u015bmy, dzisiejsze spotkanie dla bierzmowanych zosta\u0142o prze\u0142o\u017cone na przysz\u0142\u0105 niedziel\u0119 na godz. 17.00. R\u00f3wnie\u017c jutrzejsze spotkanie dla rodzic\u00f3w dzieci komunijnych jest prze\u0142o\u017cone z poniedzia\u0142ku 5 lutego, na poniedzia\u0142ek 12 lutego, na [&hellip;]<\/p>\n","protected":false},"author":1,"featured_media":30657,"comment_status":"closed","ping_status":"closed","sticky":false,"template":"","format":"standard","meta":{"footnotes":""},"categories":[2,14],"tags":[],"class_list":["post-21816","post","type-post","status-publish","format-standard","has-post-thumbnail","hentry","category-aktualnosci","category-ogloszenia-parafialne"],"_links":{"self":[{"href":"https:\/\/mbfatimska.ovh\/index.php\/wp-json\/wp\/v2\/posts\/21816","targetHints":{"allow":["GET"]}}],"collection":[{"href":"https:\/\/mbfatimska.ovh\/index.php\/wp-json\/wp\/v2\/posts"}],"about":[{"href":"https:\/\/mbfatimska.ovh\/index.php\/wp-json\/wp\/v2\/types\/post"}],"author":[{"embeddable":true,"href":"https:\/\/mbfatimska.ovh\/index.php\/wp-json\/wp\/v2\/users\/1"}],"replies":[{"embeddable":true,"href":"https:\/\/mbfatimska.ovh\/index.php\/wp-json\/wp\/v2\/comments?post=21816"}],"version-history":[{"count":0,"href":"https:\/\/mbfatimska.ovh\/index.php\/wp-json\/wp\/v2\/posts\/21816\/revisions"}],"wp:featuredmedia":[{"embeddable":true,"href":"https:\/\/mbfatimska.ovh\/index.php\/wp-json\/wp\/v2\/media\/30657"}],"wp:attachment":[{"href":"https:\/\/mbfatimska.ovh\/index.php\/wp-json\/wp\/v2\/media?parent=21816"}],"wp:term":[{"taxonomy":"category","embeddable":true,"href":"https:\/\/mbfatimska.ovh\/index.php\/wp-json\/wp\/v2\/categories?post=21816"},{"taxonomy":"post_tag","embeddable":true,"href":"https:\/\/mbfatimska.ovh\/index.php\/wp-json\/wp\/v2\/tags?post=21816"}],"curies":[{"name":"wp","href":"https:\/\/api.w.org\/{rel}","templated":true}]}}