{"id":21819,"date":"2024-02-11T07:19:58","date_gmt":"2024-02-11T06:19:58","guid":{"rendered":"https:\/\/www.mbfatimska.pl\/?p=21819"},"modified":"2024-02-11T07:19:58","modified_gmt":"2024-02-11T06:19:58","slug":"vi-niedziela-zwykla-3","status":"publish","type":"post","link":"https:\/\/mbfatimska.ovh\/index.php\/2024\/02\/11\/vi-niedziela-zwykla-3\/","title":{"rendered":"VI niedziela zwyk\u0142a"},"content":{"rendered":"<p>1.\tDzisiaj w Ko\u015bciele obchodzimy \u015awiatowy Dzie\u0144 Chorego, kt\u00f3ry przypada we wspomnienie Matki Bo\u017cej z Lourdes. Przez ca\u0142y dzie\u0144 w modlitwach b\u0119dziemy pami\u0119ta\u0107 o naszych bliskich chorych i cierpi\u0105cych. W spos\u00f3b szczeg\u00f3lny zapraszamy chorych, niedomagaj\u0105cych na Msz\u0119 \u015bwi\u0119t\u0105 o godz. 12.30 podczas kt\u00f3rej b\u0119dzie udzielany sakrament namaszczenia chorych. Na koniec Mszy \u015bwi\u0119tej wszyscy chorzy, cierpi\u0105cy otrzymaj\u0105 specjalne modlitewniki, aby swoje cierpienie ofiarowa\u0107 Bogu i prosi\u0107 o si\u0142\u0119 w walce o zdrowie fizyczne i duchowe.<br \/>\n2.\tR\u00f3wnie\u017c dzisiaj po Mszy \u015bwi\u0119tej o godz. 18.00 zapraszamy na Wiecz\u00f3r uwielbienia z Maryj\u0105, przygotowany przez parafialn\u0105 Odnow\u0119 w Duchu \u015awi\u0119tym. B\u0119dzie wystawienie Naj\u015bwi\u0119tszego Sakramentu, adoracja, \u015bpiew, rozwa\u017canie i S\u0142owo Bo\u017ce. To wszystko b\u0119dzie nas wprowadza\u0107 w atmosfer\u0119 Wielkiego Postu, kt\u00f3ry ju\u017c rozpoczniemy w \u015brod\u0119. Serdecznie zapraszamy.<br \/>\n3.\tJeszcze dzisiaj o godz. 10.25 katecheza dla dzieci klas III szko\u0142y podstawowej przed I Komuni\u0105 \u015bwi\u0119t\u0105, a o godz. 17.00 spotkanie dla m\u0142odzie\u017cy przed sakramentem bierzmowania. Na spotkanie prosz\u0119 zabra\u0107 ze sob\u0105 d\u0142ugopis, bo b\u0119dzie zaliczenie um\u00f3wionego materia\u0142u.<br \/>\n4.\tJutro o godz. 19.00 w ko\u015bciele spotkanie formacyjno-informacyjne dla rodzic\u00f3w dzieci komunijnych.<br \/>\n5.\tW tym tygodniu, w \u015brod\u0119, rozpoczynamy Wielki Post. W \u015arod\u0119 Popielcow\u0105 Msze \u015bwi\u0119te b\u0119d\u0105 odprawiane o godz. 7.30, 9.00, 16.30 dla dzieci, 18.00 i 19.45. Na ka\u017cdej Mszy \u015bwi\u0119tej obrz\u0119d posypania g\u0142\u00f3w popio\u0142em na znak pokuty i nawr\u00f3cenia. Tego dnia ka\u017cdego katolika obowi\u0105zuje post \u015bcis\u0142y, tzn. ilo\u015bciowy (tylko 3 posi\u0142ki w tym jeden do syta) i jako\u015bciowy (wszystkie posi\u0142ki bezmi\u0119sne).<br \/>\n6.\tW Wielkim Po\u015bcie zapraszamy na nabo\u017ce\u0144stwa  pokutne:<br \/>\n&#8211; w pi\u0105tki Droga Krzy\u017cowa o godz. 16.30 dla dzieci, o godz. 18.45 dla doros\u0142ych<br \/>\n&#8211; w niedziele Gorzkie \u017bale z kazaniem pasyjnym  o godz. 17.15<br \/>\n7.\tW pi\u0105tek, 16 lutego w parafii Naj\u015bwi\u0119tszego Cia\u0142a i Krwi Chrystusa w Legionowie odb\u0119dzie si\u0119 nabo\u017ce\u0144stwo \u2013 Noc walki o b\u0142ogos\u0142awie\u0144stwo dla Polski. Pocz\u0105tek o godz. 21.00, zako\u0144czenie o godz. 24.00 Msz\u0105 \u015bwi\u0119t\u0105. Wi\u0119cej informacji na plakacie w gablocie. Zapraszaj\u0105 Wojownicy Maryi.<br \/>\n8.\tOd 14 lutego do 24 marca rusza kampania o ocalenie \u017cycia pocz\u0119tych \u2013 40 dni dla \u017cycia, kt\u00f3re polega na modlitwie, po\u015bcie i pokojowym czuwaniu przez 40 dni w godz. 18.00-20.00 przy pomniku Kopernika na Krakowskim Przedmie\u015bciu w Warszawie. Wi\u0119cej szczeg\u00f3\u0142owych informacji na plakacie w gablocie.<br \/>\n9.\tWe wtorek, w godz. 19.00-21.00 w budynku Centrum wsparcia fizycznego b\u0119dzie mo\u017cna skorzysta\u0107 z bezp\u0142atnych konsultacji i porad prawnika.<br \/>\n10.\tW przysz\u0142\u0105 niedziel\u0119 odb\u0119d\u0105 si\u0119 nast\u0119puj\u0105ce spotkania:<br \/>\n&#8211; o godz. 10.25 dla dzieci klas IV przed rocznic\u0105 I Komunii \u015bwi\u0119tej<br \/>\n&#8211; o godz. 16.20 dla m\u0142odzie\u017cy przed sakramentem bierzmowania.<br \/>\n11.\tW poniedzia\u0142ek 19 lutego o godz. 19.00 w ko\u015bciele spotkanie dla rodzic\u00f3w dzieci rocznicowych. Obecno\u015b\u0107 obowi\u0105zkowa (om\u00f3wienie przebiegu uroczysto\u015bci, pr\u00f3b, wystroju itp.)<br \/>\n12.\tW sobot\u0119 w godz. 10.00-14.00 zapraszamy na kolejne warsztaty kulinarne.  W tym tygodniu b\u0119d\u0105 wykonywane cuda z czekolady. Obok uczenia si\u0119 kunsztu ciastkarskiego b\u0119d\u0105 konkursy i wiele ciekawostek kulinarnych. Zapraszamy ca\u0142e rodziny do konstruktywnego i tw\u00f3rczego  sp\u0119dzenia razem sobotniego czasu.<br \/>\n13.\tW przysz\u0142\u0105 niedziel\u0119 po Mszach \u015bwi\u0119tych przed ko\u015bcio\u0142em b\u0119dzie zbi\u00f3rka na rzecz ma\u0142ego Ma\u0107ka, kt\u00f3ry choruje na autyzm, upo\u015bledzenie umys\u0142owe w stopniu znacznym, op\u00f3\u017anienie rozwoju psychoruchowego i potrzebuje sta\u0142ej d\u0142ugotrwa\u0142ej opieki piel\u0119gnacyjnej i systematycznego leczenia i rehabilitacji. Zbi\u00f3rka dokonywana jest przez wolontariuszy Komitetu Spo\u0142ecznego na rzecz pomocy Maciusiowi.<\/p>\n","protected":false},"excerpt":{"rendered":"<p>1. Dzisiaj w Ko\u015bciele obchodzimy \u015awiatowy Dzie\u0144 Chorego, kt\u00f3ry przypada we wspomnienie Matki Bo\u017cej z Lourdes. Przez ca\u0142y dzie\u0144 w modlitwach b\u0119dziemy pami\u0119ta\u0107 o naszych bliskich chorych i cierpi\u0105cych. W spos\u00f3b szczeg\u00f3lny zapraszamy chorych, niedomagaj\u0105cych na Msz\u0119 \u015bwi\u0119t\u0105 o godz. 12.30 podczas kt\u00f3rej b\u0119dzie udzielany sakrament namaszczenia chorych. Na koniec Mszy \u015bwi\u0119tej wszyscy chorzy, cierpi\u0105cy [&hellip;]<\/p>\n","protected":false},"author":1,"featured_media":30657,"comment_status":"closed","ping_status":"closed","sticky":false,"template":"","format":"standard","meta":{"footnotes":""},"categories":[2,14],"tags":[],"class_list":["post-21819","post","type-post","status-publish","format-standard","has-post-thumbnail","hentry","category-aktualnosci","category-ogloszenia-parafialne"],"_links":{"self":[{"href":"https:\/\/mbfatimska.ovh\/index.php\/wp-json\/wp\/v2\/posts\/21819","targetHints":{"allow":["GET"]}}],"collection":[{"href":"https:\/\/mbfatimska.ovh\/index.php\/wp-json\/wp\/v2\/posts"}],"about":[{"href":"https:\/\/mbfatimska.ovh\/index.php\/wp-json\/wp\/v2\/types\/post"}],"author":[{"embeddable":true,"href":"https:\/\/mbfatimska.ovh\/index.php\/wp-json\/wp\/v2\/users\/1"}],"replies":[{"embeddable":true,"href":"https:\/\/mbfatimska.ovh\/index.php\/wp-json\/wp\/v2\/comments?post=21819"}],"version-history":[{"count":0,"href":"https:\/\/mbfatimska.ovh\/index.php\/wp-json\/wp\/v2\/posts\/21819\/revisions"}],"wp:featuredmedia":[{"embeddable":true,"href":"https:\/\/mbfatimska.ovh\/index.php\/wp-json\/wp\/v2\/media\/30657"}],"wp:attachment":[{"href":"https:\/\/mbfatimska.ovh\/index.php\/wp-json\/wp\/v2\/media?parent=21819"}],"wp:term":[{"taxonomy":"category","embeddable":true,"href":"https:\/\/mbfatimska.ovh\/index.php\/wp-json\/wp\/v2\/categories?post=21819"},{"taxonomy":"post_tag","embeddable":true,"href":"https:\/\/mbfatimska.ovh\/index.php\/wp-json\/wp\/v2\/tags?post=21819"}],"curies":[{"name":"wp","href":"https:\/\/api.w.org\/{rel}","templated":true}]}}